{"id":38032,"date":"2025-01-04T15:58:03","date_gmt":"2025-01-04T18:58:03","guid":{"rendered":"https:\/\/larealidaddelaplata.com.ar\/?p=38032"},"modified":"2025-01-04T15:58:07","modified_gmt":"2025-01-04T18:58:07","slug":"ensenada-alan-aidar-fue-el-deportista-destacado-por-el-premio-depor-2024","status":"publish","type":"post","link":"https:\/\/larealidaddelaplata.com.ar\/index.php\/2025\/01\/04\/ensenada-alan-aidar-fue-el-deportista-destacado-por-el-premio-depor-2024\/","title":{"rendered":"Ensenada: Alan Aidar fue el deportista destacado por el premio DEPOR 2024"},"content":{"rendered":"\n<p>La Municipalidad de Ensenada llev\u00f3 adelante la entrega de los Premios DEPOR 2024, el reconocimiento a las y los deportistas m\u00e1s destacados de la ciudad.<\/p>\n\n\n\n<p>El taekwondista Alan Aidar se consagr\u00f3 con el Depor de Oro luego de un gran a\u00f1o en el que, entre otros logros, conquist\u00f3 el t\u00edtulo de campe\u00f3n mundial. Adem\u00e1s, los hermanos Isaias y Rodrigo Navarro se quedaron con el Premio Revelaci\u00f3n por su gran temporada en boccia.<\/p>\n\n\n\n<p>La fiesta del deporte ensenadense tambi\u00e9n incluy\u00f3 reconocimientos a los representantes en los Juegos Bonaerenses, presentaciones y distinciones a las escuelas municipales y el reconocimiento a distintos deportistas y entrenadores.<\/p>\n","protected":false},"excerpt":{"rendered":"<p>La Municipalidad de Ensenada llev\u00f3 adelante la entrega de los Premios DEPOR 2024, el reconocimiento a las y los deportistas m\u00e1s destacados de la ciudad. El taekwondista Alan Aidar se consagr\u00f3 con el Depor de Oro luego de un gran a\u00f1o en el que, entre otros logros, conquist\u00f3 el t\u00edtulo de campe\u00f3n mundial. Adem\u00e1s, los hermanos Isaias y Rodrigo Navarro se quedaron con el Premio Revelaci\u00f3n por su gran temporada&hellip;<\/p>\n","protected":false},"author":2,"featured_media":38033,"comment_status":"open","ping_status":"open","sticky":false,"template":"","format":"standard","meta":{"_acf_changed":false,"footnotes":""},"categories":[13],"tags":[5593,5594],"class_list":["post-38032","post","type-post","status-publish","format-standard","has-post-thumbnail","hentry","category-sociedad","tag-alan-aidar","tag-premios-depor-2024"],"acf":[],"aioseo_notices":[],"_links":{"self":[{"href":"https:\/\/larealidaddelaplata.com.ar\/index.php\/wp-json\/wp\/v2\/posts\/38032"}],"collection":[{"href":"https:\/\/larealidaddelaplata.com.ar\/index.php\/wp-json\/wp\/v2\/posts"}],"about":[{"href":"https:\/\/larealidaddelaplata.com.ar\/index.php\/wp-json\/wp\/v2\/types\/post"}],"author":[{"embeddable":true,"href":"https:\/\/larealidaddelaplata.com.ar\/index.php\/wp-json\/wp\/v2\/users\/2"}],"replies":[{"embeddable":true,"href":"https:\/\/larealidaddelaplata.com.ar\/index.php\/wp-json\/wp\/v2\/comments?post=38032"}],"version-history":[{"count":1,"href":"https:\/\/larealidaddelaplata.com.ar\/index.php\/wp-json\/wp\/v2\/posts\/38032\/revisions"}],"predecessor-version":[{"id":38034,"href":"https:\/\/larealidaddelaplata.com.ar\/index.php\/wp-json\/wp\/v2\/posts\/38032\/revisions\/38034"}],"wp:featuredmedia":[{"embeddable":true,"href":"https:\/\/larealidaddelaplata.com.ar\/index.php\/wp-json\/wp\/v2\/media\/38033"}],"wp:attachment":[{"href":"https:\/\/larealidaddelaplata.com.ar\/index.php\/wp-json\/wp\/v2\/media?parent=38032"}],"wp:term":[{"taxonomy":"category","embeddable":true,"href":"https:\/\/larealidaddelaplata.com.ar\/index.php\/wp-json\/wp\/v2\/categories?post=38032"},{"taxonomy":"post_tag","embeddable":true,"href":"https:\/\/larealidaddelaplata.com.ar\/index.php\/wp-json\/wp\/v2\/tags?post=38032"}],"curies":[{"name":"wp","href":"https:\/\/api.w.org\/{rel}","templated":true}]}}