{"id":38035,"date":"2025-01-04T16:08:26","date_gmt":"2025-01-04T19:08:26","guid":{"rendered":"https:\/\/larealidaddelaplata.com.ar\/?p=38035"},"modified":"2025-01-04T16:08:29","modified_gmt":"2025-01-04T19:08:29","slug":"ensenada-se-entrego-a-la-policia-un-hombre-que-mato-a-su-vecino-en-la-matanza","status":"publish","type":"post","link":"https:\/\/larealidaddelaplata.com.ar\/index.php\/2025\/01\/04\/ensenada-se-entrego-a-la-policia-un-hombre-que-mato-a-su-vecino-en-la-matanza\/","title":{"rendered":"Ensenada: Se entreg\u00f3 a la Polic\u00eda un hombre que mat\u00f3 a su vecino en La Matanza"},"content":{"rendered":"\n<p>El primero de enero, un vecino de La Matanza apu\u00f1al\u00f3 a otro en plena v\u00eda p\u00fablica. Seg\u00fan testigos que dieron aviso al 911, los motivos no est\u00e1n esclarecidos, pero la v\u00edctima fue trasladada al Hospital 21 de Isidro Casanova, donde falleci\u00f3 producto de las m\u00faltiples heridas.<\/p>\n\n\n\n<p>Minutos despu\u00e9s, se report\u00f3 otro sujeto que fue apu\u00f1alado por el mismo hombre. El mismo tambi\u00e9n era vecino del barrio y fue llevado al mismo nosocomio, donde se encuentra internado. Por eso, se preservaron los dos lugares para realizar las pericias pertinentes.<\/p>\n\n\n\n<p>Sin embargo, en la tarde del jueves, un hombre de 30 a\u00f1os se present\u00f3 en la comisar\u00eda Tercera de Ensenada, asegurando haber sido el autor del homicidio en la ciudad de La Matanza.<br>En la seccional reconoci\u00f3 que efectu\u00f3 pu\u00f1aladas al fallecido e hiri\u00f3 al otro hombre, por eso \u201cquer\u00eda entregarse a las autoridades, brindando detalles puntuales del lugar, fecha, hora y datos de las v\u00edctimas\u201d, seg\u00fan indicaron las fuentes policiales.<\/p>\n\n\n\n<p>En ese sentido, desde Ensenada se cheque\u00f3 la informaci\u00f3n y al ser confirmada por el titular de la comisar\u00eda Cuarta de la localidad del conurbano bonaerense, quien envi\u00f3 un pedido de detenci\u00f3n, se efectiviz\u00f3 la misma y se puso al acusado a disposici\u00f3n del departamento Judicial de La Matanza, por los delitos de \u201chomicidio y homicidio en grado de tentativa\u201d.<\/p>\n","protected":false},"excerpt":{"rendered":"<p>El primero de enero, un vecino de La Matanza apu\u00f1al\u00f3 a otro en plena v\u00eda p\u00fablica. Seg\u00fan testigos que dieron aviso al 911, los motivos no est\u00e1n esclarecidos, pero la v\u00edctima fue trasladada al Hospital 21 de Isidro Casanova, donde falleci\u00f3 producto de las m\u00faltiples heridas. Minutos despu\u00e9s, se report\u00f3 otro sujeto que fue apu\u00f1alado por el mismo hombre. El mismo tambi\u00e9n era vecino del barrio y fue llevado al&hellip;<\/p>\n","protected":false},"author":2,"featured_media":38036,"comment_status":"open","ping_status":"open","sticky":false,"template":"","format":"standard","meta":{"_acf_changed":false,"footnotes":""},"categories":[8],"tags":[893],"class_list":["post-38035","post","type-post","status-publish","format-standard","has-post-thumbnail","hentry","category-policiales","tag-asesinato"],"acf":[],"aioseo_notices":[],"_links":{"self":[{"href":"https:\/\/larealidaddelaplata.com.ar\/index.php\/wp-json\/wp\/v2\/posts\/38035"}],"collection":[{"href":"https:\/\/larealidaddelaplata.com.ar\/index.php\/wp-json\/wp\/v2\/posts"}],"about":[{"href":"https:\/\/larealidaddelaplata.com.ar\/index.php\/wp-json\/wp\/v2\/types\/post"}],"author":[{"embeddable":true,"href":"https:\/\/larealidaddelaplata.com.ar\/index.php\/wp-json\/wp\/v2\/users\/2"}],"replies":[{"embeddable":true,"href":"https:\/\/larealidaddelaplata.com.ar\/index.php\/wp-json\/wp\/v2\/comments?post=38035"}],"version-history":[{"count":1,"href":"https:\/\/larealidaddelaplata.com.ar\/index.php\/wp-json\/wp\/v2\/posts\/38035\/revisions"}],"predecessor-version":[{"id":38037,"href":"https:\/\/larealidaddelaplata.com.ar\/index.php\/wp-json\/wp\/v2\/posts\/38035\/revisions\/38037"}],"wp:featuredmedia":[{"embeddable":true,"href":"https:\/\/larealidaddelaplata.com.ar\/index.php\/wp-json\/wp\/v2\/media\/38036"}],"wp:attachment":[{"href":"https:\/\/larealidaddelaplata.com.ar\/index.php\/wp-json\/wp\/v2\/media?parent=38035"}],"wp:term":[{"taxonomy":"category","embeddable":true,"href":"https:\/\/larealidaddelaplata.com.ar\/index.php\/wp-json\/wp\/v2\/categories?post=38035"},{"taxonomy":"post_tag","embeddable":true,"href":"https:\/\/larealidaddelaplata.com.ar\/index.php\/wp-json\/wp\/v2\/tags?post=38035"}],"curies":[{"name":"wp","href":"https:\/\/api.w.org\/{rel}","templated":true}]}}