{"id":38038,"date":"2025-01-06T07:42:05","date_gmt":"2025-01-06T10:42:05","guid":{"rendered":"https:\/\/larealidaddelaplata.com.ar\/?p=38038"},"modified":"2025-01-06T07:42:09","modified_gmt":"2025-01-06T10:42:09","slug":"de-pelicula-un-ave-de-rapina-brindo-un-show-en-la-plata-intentando-llevarse-un-par-de-zapatillas","status":"publish","type":"post","link":"https:\/\/larealidaddelaplata.com.ar\/index.php\/2025\/01\/06\/de-pelicula-un-ave-de-rapina-brindo-un-show-en-la-plata-intentando-llevarse-un-par-de-zapatillas\/","title":{"rendered":"De pel\u00edcula: un ave de rapi\u00f1a brind\u00f3 un show en La Plata intentando llevarse un par de zapatillas"},"content":{"rendered":"\n<p>Esta tarde una ave rapaz, o ave de rapi\u00f1a, estuvo al menos tres horas intentando llevarse un par de zapatillas que colgaba&nbsp;de un cable sobre la esquina de 3 y 50. A pocos metros se junt\u00f3 una decena de vecinos y transe\u00fantes que se quedaron observ\u00e1ndola y tom\u00e1ndole fotos, ya que por su tama\u00f1o y sus caracter\u00edsticas f\u00edsicas no se trata de una especie com\u00fan en La Plata y sus alrededores.&nbsp;<\/p>\n\n\n\n<p>Enseguida comenzaron a debatir de qu\u00e9 ave se trataba, aunque la mayor\u00eda sosten\u00eda con firmeza que era un &#8220;<strong>aguilucho<\/strong>&#8220;, seg\u00fan pudo comportar un cronista de<strong>&nbsp;Info Blanco Sobre Negro<\/strong>&nbsp;que se acerc\u00f3 al lugar. Otro comentarista aseguraba&nbsp;con cara de &#8220;<em>saberlotodo&#8221;&nbsp;<\/em>que era un &#8220;<strong>halc\u00f3n<\/strong>&#8220;, y que en la capital bonaerense, si algo abunda, &#8220;son los halcones&#8221;.<\/p>\n\n\n\n<p>&#8220;En la cima de la&nbsp;<strong>Catedral<\/strong>&nbsp;est\u00e1 repleto&#8221;, aseguraba.&nbsp;<\/p>\n\n\n\n<figure class=\"wp-block-embed is-type-video is-provider-youtube wp-block-embed-youtube wp-embed-aspect-16-9 wp-has-aspect-ratio\"><div class=\"wp-block-embed__wrapper\">\n<iframe loading=\"lazy\" title=\"En La Plata un ave rapaz quiso llevarse un par de zapatillas: el show y la &quot;se\u00f1al\u00e9tica drogona&quot;\" width=\"640\" height=\"360\" src=\"https:\/\/www.youtube.com\/embed\/iMuzCB2ot7Y?feature=oembed\" frameborder=\"0\" allow=\"accelerometer; autoplay; clipboard-write; encrypted-media; gyroscope; picture-in-picture; web-share\" referrerpolicy=\"strict-origin-when-cross-origin\" allowfullscreen><\/iframe>\n<\/div><\/figure>\n\n\n\n<p>Luego, con algunas im\u00e1genes del ave, este medio consult\u00f3 a un especialista de la\u00a0<strong>UNLP<\/strong>\u00a0que consider\u00f3 que se trataba de un\u00a0<strong>Gavil\u00e1n Mixto<\/strong>, cono denominan a esa especie en Argentina y Uruguay,\u00a0<strong>\u00c1guila de Harris<\/strong>, como se la nombra en Espa\u00f1a,\u00a0 o un\u00a0<strong>Halc\u00f3n o Aguililla de Harris<\/strong>, como la llaman en M\u00e9xico.<\/p>\n\n\n\n<p>Como sea, el ave congreg\u00f3 a una decena de vecinos y vecinas que se renovaban minuto a minuto.&nbsp; Incluso, una familia sali\u00f3 de su vivienda para tomarle im\u00e1genes, cada uno con su tel\u00e9fono en mano.<\/p>\n\n\n\n<h2 class=\"wp-block-heading\"><strong>La se\u00f1al\u00e9tica drogona<\/strong><\/h2>\n\n\n\n<p>Otro cap\u00edtulo muy curioso fue el que sigui\u00f3 al debate sobre de qu\u00e9 especie se trataba. Ante la falta de certezas, una se\u00f1ora lanz\u00f3 un comentario con tono de broma:&nbsp;<strong>&#8220;El halc\u00f3n se quiere llevar las zapatillas que dejaron colgando del cable los que venden drogas&#8221;.<\/strong>&nbsp;Y otro respondi\u00f3:&nbsp;<strong>&#8220;Ojal\u00e1 se las lleve as\u00ed le arruinan el negocio a los narcos&#8221;.<\/strong><\/p>\n\n\n\n<p>Fue el comienzo de&nbsp;<strong>una reafirmaci\u00f3n colectiva del mito de la &#8220;se\u00f1al\u00e9tica drogona&#8221;<\/strong>, que surge de la creencia de que existe&nbsp;una suerte de &#8220;anuncio&#8221; que hacen tontos&nbsp; traficantes que usar\u00edan ese m\u00e9todo (tirar zapatillas a un cable),&nbsp;para indicar que&nbsp;en ese sitio se comercializan estupefacientes. Algo as\u00ed como alguien enviado a espiar que primero tocar el timbre.&nbsp;<\/p>\n\n\n\n<p>Es un mito urbano tan rid\u00edculo como persistente, y que se repite de boca en boca desde hace d\u00e9cadas.&nbsp;<\/p>\n\n\n\n<p>Si fuera verdad se tratar\u00eda de una&nbsp;confesi\u00f3n a la vista de todos, hacha por&nbsp;narcos con ganas de salir de la clandestinidad, pero que hacen todo para que los atrapen porque no se animan a entragarse.<\/p>\n\n\n\n<p>Con los minutos comenzaron otros debates, como por ejemplo&nbsp;el lugar desde el que hab\u00eda volado el ave.&nbsp;<\/p>\n\n\n\n<p>Una se\u00f1ora atribuy\u00f3 la presencia del gavil\u00e1n a &#8220;una fuga del\u00a0<strong>Bioparque<\/strong>&#8220;.<\/p>\n\n\n\n<p>Un joven aseguraba que &#8220;las largan para que se coman las palomas, que son una plaga&#8221;, y otro\u00a0<strong>con tono de experimentado bi\u00f3logo<\/strong>\u00a0aseguraba: &#8220;Debe haber llegado a La\u00a0Plata por el\u00a0<strong>calentamiento global<\/strong>&#8220;.<\/p>\n\n\n\n<p>Nadie pod\u00eda saber que se trataba de&nbsp;<strong>un&nbsp;ave de estas pampas<\/strong>, y que est\u00e1&nbsp;<strong>distribuida en todo el continente<\/strong>, adem\u00e1s de regiones de otras latitudes.&nbsp;<\/p>\n\n\n\n<p>Finalmente, el supuesto &#8220;<strong>halc\u00f3n<\/strong>&#8221; se qued\u00f3 hasta que cay\u00f3 el sol revoloteando sobre los cables de\u00a03 y 50, a solamente tres cuadras del\u00a0<strong>Paseo del\u00a0Bosque, un h\u00e1bitat m\u00e1s que propicio para esa especie.<\/strong><\/p>\n","protected":false},"excerpt":{"rendered":"<p>Esta tarde una ave rapaz, o ave de rapi\u00f1a, estuvo al menos tres horas intentando llevarse un par de zapatillas que colgaba&nbsp;de un cable sobre la esquina de 3 y 50. A pocos metros se junt\u00f3 una decena de vecinos y transe\u00fantes que se quedaron observ\u00e1ndola y tom\u00e1ndole fotos, ya que por su tama\u00f1o y sus caracter\u00edsticas f\u00edsicas no se trata de una especie com\u00fan en La Plata y sus&hellip;<\/p>\n","protected":false},"author":3,"featured_media":38039,"comment_status":"open","ping_status":"open","sticky":false,"template":"","format":"standard","meta":{"_acf_changed":false,"footnotes":""},"categories":[2],"tags":[],"class_list":["post-38038","post","type-post","status-publish","format-standard","has-post-thumbnail","hentry","category-provincia"],"acf":[],"aioseo_notices":[],"_links":{"self":[{"href":"https:\/\/larealidaddelaplata.com.ar\/index.php\/wp-json\/wp\/v2\/posts\/38038"}],"collection":[{"href":"https:\/\/larealidaddelaplata.com.ar\/index.php\/wp-json\/wp\/v2\/posts"}],"about":[{"href":"https:\/\/larealidaddelaplata.com.ar\/index.php\/wp-json\/wp\/v2\/types\/post"}],"author":[{"embeddable":true,"href":"https:\/\/larealidaddelaplata.com.ar\/index.php\/wp-json\/wp\/v2\/users\/3"}],"replies":[{"embeddable":true,"href":"https:\/\/larealidaddelaplata.com.ar\/index.php\/wp-json\/wp\/v2\/comments?post=38038"}],"version-history":[{"count":1,"href":"https:\/\/larealidaddelaplata.com.ar\/index.php\/wp-json\/wp\/v2\/posts\/38038\/revisions"}],"predecessor-version":[{"id":38040,"href":"https:\/\/larealidaddelaplata.com.ar\/index.php\/wp-json\/wp\/v2\/posts\/38038\/revisions\/38040"}],"wp:featuredmedia":[{"embeddable":true,"href":"https:\/\/larealidaddelaplata.com.ar\/index.php\/wp-json\/wp\/v2\/media\/38039"}],"wp:attachment":[{"href":"https:\/\/larealidaddelaplata.com.ar\/index.php\/wp-json\/wp\/v2\/media?parent=38038"}],"wp:term":[{"taxonomy":"category","embeddable":true,"href":"https:\/\/larealidaddelaplata.com.ar\/index.php\/wp-json\/wp\/v2\/categories?post=38038"},{"taxonomy":"post_tag","embeddable":true,"href":"https:\/\/larealidaddelaplata.com.ar\/index.php\/wp-json\/wp\/v2\/tags?post=38038"}],"curies":[{"name":"wp","href":"https:\/\/api.w.org\/{rel}","templated":true}]}}