{"id":38134,"date":"2025-01-13T12:02:41","date_gmt":"2025-01-13T15:02:41","guid":{"rendered":"https:\/\/larealidaddelaplata.com.ar\/?p=38134"},"modified":"2025-01-13T12:02:44","modified_gmt":"2025-01-13T15:02:44","slug":"se-puso-en-marcha-la-renovacion-integral-del-alumbrado-publico-en-la-plata","status":"publish","type":"post","link":"https:\/\/larealidaddelaplata.com.ar\/index.php\/2025\/01\/13\/se-puso-en-marcha-la-renovacion-integral-del-alumbrado-publico-en-la-plata\/","title":{"rendered":"Se puso en marcha la renovaci\u00f3n integral del alumbrado p\u00fablico en La Plata"},"content":{"rendered":"\n<p>El intendente de<strong>\u00a0La Plata<\/strong>,\u00a0<strong>Julio Alak<\/strong>, encabez\u00f3 el \u00faltimo viernes la firma de contratos para iniciar el\u00a0proyecto de mantenimiento integral del alumbrado p\u00fablico del partido, que abarca\u00a0obras de conservaci\u00f3n, adecuaci\u00f3n, modernizaci\u00f3n tecnol\u00f3gica y remodelaci\u00f3n del sistema con el objetivo de brindar un servicio m\u00e1s eficiente.<\/p>\n\n\n\n<p>Gracias a esta iniciativa, que\u00a0comenzar\u00e1 a ejecutarse este lunes y comprende una inversi\u00f3n superior a los $15 mil millones, se llevar\u00e1n a cabo labores preventivas y correctivas en las cerca de\u00a0170 mil luminarias que conforman el\u00a0alumbrado p\u00fablico\u00a0de la ciudad. Adem\u00e1s, se implementar\u00e1n tareas adicionales, como la instalaci\u00f3n de sistemas de telegesti\u00f3n.<\/p>\n\n\n\n<p>El mantenimiento anterior contaba con un promedio de&nbsp;4 mil servicios mensuales para atender las necesidades de La Plata y con el nuevo esquema se prev\u00e9 un aumento significativo del 225%, alcanzando los 13 mil.<\/p>\n\n\n\n<figure class=\"wp-block-image\"><img decoding=\"async\" src=\"https:\/\/media.0221.com.ar\/p\/439b5c2a9e13dfb800f5f0b9543fd7da\/adjuntos\/357\/imagenes\/100\/182\/0100182830\/1400x0\/smart\/alumbrado-publico-tasa-sumjpg.jpg\" alt=\"\" title=\"\"\/><\/figure>\n\n\n\n<p>\u201cAl inicio de la gesti\u00f3n, m\u00e1s del 20% del alumbrado p\u00fablico no funcionaba. Con acciones correctivas, se redujo el apagado al 10% y con los nuevos contratos firmados esperamos bajar la cifra al 3%, logrando que 97 de cada 100 luminarias est\u00e9n operativas\u201d, afirm\u00f3 el intendente Alak tras la r\u00fabrica.<\/p>\n\n\n\n<p>Para su ejecuci\u00f3n, se realizar\u00e1 un relevamiento inicial que permitir\u00e1 evaluar el estado actual del sistema de iluminaci\u00f3n en las diversas \u00e1reas de La Plata, facilitando la planificaci\u00f3n de las acciones necesarias para asegurar su conservaci\u00f3n.<\/p>\n\n\n\n<h2 class=\"wp-block-heading\">Las zonas de La Plata en las que se trabajar\u00e1<\/h2>\n\n\n\n<p>El \u00e1rea a abarcar est\u00e1 dividida en tres, siendo una de ellas la del casco, comprendido por avenida 32 desde el l\u00edmite con Ensenada hasta su continuidad con boulevard 82; boulevard 82 y su continuidad hasta avenida 31; avenida 31 hasta su continuidad con boulevard 81; boulevard 81 hasta su continuidad con avenida 72; y avenida 72 hasta el l\u00edmite con Berisso.<\/p>\n\n\n\n<p>Por otro lado, la zona norte est\u00e1 comprendida por avenida 32 desde el l\u00edmite con Ensenada hasta su continuidad con boulevard 82; boulevard 82 y su continuidad hasta avenida 31; avenida 31 hasta avenida 52; avenida 52 hasta Ruta Provincial N\u00b0 36; y Ruta N\u00b0 36 hasta el l\u00edmite con Berazategui.<\/p>\n\n\n\n<p>Finalmente, la zona sur es el \u00e1rea que se extiende por avenida 72 desde el l\u00edmite con Berisso hasta su continuidad con boulevard 81; bulevar 81 y su continuidad hasta avenida 31; avenida 31 hasta avenida 52; avenida 52 hasta Ruta Provincial N\u00b0 36; y Ruta N\u00b0 36 hasta el l\u00edmite con Magdalena.<\/p>\n","protected":false},"excerpt":{"rendered":"<p>El intendente de\u00a0La Plata,\u00a0Julio Alak, encabez\u00f3 el \u00faltimo viernes la firma de contratos para iniciar el\u00a0proyecto de mantenimiento integral del alumbrado p\u00fablico del partido, que abarca\u00a0obras de conservaci\u00f3n, adecuaci\u00f3n, modernizaci\u00f3n tecnol\u00f3gica y remodelaci\u00f3n del sistema con el objetivo de brindar un servicio m\u00e1s eficiente. Gracias a esta iniciativa, que\u00a0comenzar\u00e1 a ejecutarse este lunes y comprende una inversi\u00f3n superior a los $15 mil millones, se llevar\u00e1n a cabo labores preventivas y&hellip;<\/p>\n","protected":false},"author":3,"featured_media":38135,"comment_status":"open","ping_status":"open","sticky":false,"template":"","format":"standard","meta":{"_acf_changed":false,"footnotes":""},"categories":[2],"tags":[],"class_list":["post-38134","post","type-post","status-publish","format-standard","has-post-thumbnail","hentry","category-provincia"],"acf":[],"aioseo_notices":[],"_links":{"self":[{"href":"https:\/\/larealidaddelaplata.com.ar\/index.php\/wp-json\/wp\/v2\/posts\/38134"}],"collection":[{"href":"https:\/\/larealidaddelaplata.com.ar\/index.php\/wp-json\/wp\/v2\/posts"}],"about":[{"href":"https:\/\/larealidaddelaplata.com.ar\/index.php\/wp-json\/wp\/v2\/types\/post"}],"author":[{"embeddable":true,"href":"https:\/\/larealidaddelaplata.com.ar\/index.php\/wp-json\/wp\/v2\/users\/3"}],"replies":[{"embeddable":true,"href":"https:\/\/larealidaddelaplata.com.ar\/index.php\/wp-json\/wp\/v2\/comments?post=38134"}],"version-history":[{"count":1,"href":"https:\/\/larealidaddelaplata.com.ar\/index.php\/wp-json\/wp\/v2\/posts\/38134\/revisions"}],"predecessor-version":[{"id":38136,"href":"https:\/\/larealidaddelaplata.com.ar\/index.php\/wp-json\/wp\/v2\/posts\/38134\/revisions\/38136"}],"wp:featuredmedia":[{"embeddable":true,"href":"https:\/\/larealidaddelaplata.com.ar\/index.php\/wp-json\/wp\/v2\/media\/38135"}],"wp:attachment":[{"href":"https:\/\/larealidaddelaplata.com.ar\/index.php\/wp-json\/wp\/v2\/media?parent=38134"}],"wp:term":[{"taxonomy":"category","embeddable":true,"href":"https:\/\/larealidaddelaplata.com.ar\/index.php\/wp-json\/wp\/v2\/categories?post=38134"},{"taxonomy":"post_tag","embeddable":true,"href":"https:\/\/larealidaddelaplata.com.ar\/index.php\/wp-json\/wp\/v2\/tags?post=38134"}],"curies":[{"name":"wp","href":"https:\/\/api.w.org\/{rel}","templated":true}]}}