{"id":38470,"date":"2025-02-15T20:47:22","date_gmt":"2025-02-15T23:47:22","guid":{"rendered":"https:\/\/larealidaddelaplata.com.ar\/?p=38470"},"modified":"2025-02-15T20:47:26","modified_gmt":"2025-02-15T23:47:26","slug":"motochorros-mataron-a-un-hombre-que-iba-caminando-a-su-trabajo","status":"publish","type":"post","link":"https:\/\/larealidaddelaplata.com.ar\/index.php\/2025\/02\/15\/motochorros-mataron-a-un-hombre-que-iba-caminando-a-su-trabajo\/","title":{"rendered":"Motochorros mataron a un hombre que iba caminando a su trabajo"},"content":{"rendered":"\n<p>Un hombre fue brutalmente asesinado por motochorros durante la ma\u00f1ana de este s\u00e1bado en La Plata. Los ladrones lo cruzaron para robarle la moto y lo mataron de un tiro en la espalda. Por el momento, no hay sospechosos ni detenidos.<\/p>\n\n\n\n<p>El hecho ocurri\u00f3 en pleno centro de la ciudad, en la calle 63 entre 9 y 10. La v\u00edctima estaba yendo a su lugar de trabajo cuando fue sorprendido por los delincuentes. Testigos que circulaban por la zona dijeron que vieron al hombre forcejear con los atacantes antes de escuchar los disparos.<\/p>\n\n\n\n<p>Seg\u00fan indicaron fuentes policiales al portal platense 0221, el hombre circulaba en una moto cuando dos ladrones lo cruzaron para robarle. La v\u00edctima trabajaba en el Servicio de Emergencias M\u00e9dicas (SIPEM). Se encontraba a menos de 100 metros de su destino cuando lo mataron.<\/p>\n\n\n\n<p>Amigos de la v\u00edctima indicaron que sol\u00eda trasladarse en una moto de 110cc, la cual no se encontraba en la escena. Tampoco estaba su mochila ni sus otras pertenencias, lo que refuerza la hip\u00f3tesis de que lo mataron para robarle.<\/p>\n\n\n\n<p>El testimonio de dos testigos que estaban cerca cuando todo ocurri\u00f3 ser\u00e1 clave para la investigaci\u00f3n. Los agentes revelaron que se trata de una mujer que escuch\u00f3 dos detonaciones y del chofer de un colectivo, que conduc\u00eda por la zona y dijo que vio a dos hombres forcejeando con la v\u00edctima.<\/p>\n\n\n\n<p>Efectivos de la Polic\u00eda Bonaerense llegaron al lugar tras recibir un llamado al 911 que alertaba sobre una persona herida tendida en el asfalto. Inmediatamente los uniformados se trasladaron hac\u00eda el lugar junto a personal del Servicio de Atenci\u00f3n M\u00e9dica de Emergencias (SAME). El personal de salud no pudo hacer m\u00e1s que constatar el fallecimiento del hombre en el lugar.<\/p>\n\n\n\n<p>Los agentes acordonaron la zona hasta la llegada de la Polic\u00eda Cient\u00edfica, que realiz\u00f3 las pericias correspondientes en la escena del crimen. Seg\u00fan informaron, recibi\u00f3 un disparo en la zona del om\u00f3plato izquierdo.<\/p>\n\n\n\n<p>Por el hecho, la Justicia inici\u00f3 una causa caratulada como \u201chomicidio en ocasi\u00f3n de robo\u201d. El cuerpo de la v\u00edctima fue trasladado a la Morgue donde se le realizar\u00e1 una autopsia. Mientras tanto, las autoridades analizan las grabaciones de las c\u00e1maras de seguridad instaladas en la zona para intentar identificar a los responsables.<\/p>\n\n\n\n<p><\/p>\n","protected":false},"excerpt":{"rendered":"<p>Un hombre fue brutalmente asesinado por motochorros durante la ma\u00f1ana de este s\u00e1bado en La Plata. Los ladrones lo cruzaron para robarle la moto y lo mataron de un tiro en la espalda. Por el momento, no hay sospechosos ni detenidos. El hecho ocurri\u00f3 en pleno centro de la ciudad, en la calle 63 entre 9 y 10. La v\u00edctima estaba yendo a su lugar de trabajo cuando fue sorprendido&hellip;<\/p>\n","protected":false},"author":2,"featured_media":38471,"comment_status":"open","ping_status":"open","sticky":false,"template":"","format":"standard","meta":{"_acf_changed":false,"footnotes":""},"categories":[8],"tags":[4609,350],"class_list":["post-38470","post","type-post","status-publish","format-standard","has-post-thumbnail","hentry","category-policiales","tag-motochorros","tag-robo"],"acf":[],"aioseo_notices":[],"_links":{"self":[{"href":"https:\/\/larealidaddelaplata.com.ar\/index.php\/wp-json\/wp\/v2\/posts\/38470"}],"collection":[{"href":"https:\/\/larealidaddelaplata.com.ar\/index.php\/wp-json\/wp\/v2\/posts"}],"about":[{"href":"https:\/\/larealidaddelaplata.com.ar\/index.php\/wp-json\/wp\/v2\/types\/post"}],"author":[{"embeddable":true,"href":"https:\/\/larealidaddelaplata.com.ar\/index.php\/wp-json\/wp\/v2\/users\/2"}],"replies":[{"embeddable":true,"href":"https:\/\/larealidaddelaplata.com.ar\/index.php\/wp-json\/wp\/v2\/comments?post=38470"}],"version-history":[{"count":1,"href":"https:\/\/larealidaddelaplata.com.ar\/index.php\/wp-json\/wp\/v2\/posts\/38470\/revisions"}],"predecessor-version":[{"id":38472,"href":"https:\/\/larealidaddelaplata.com.ar\/index.php\/wp-json\/wp\/v2\/posts\/38470\/revisions\/38472"}],"wp:featuredmedia":[{"embeddable":true,"href":"https:\/\/larealidaddelaplata.com.ar\/index.php\/wp-json\/wp\/v2\/media\/38471"}],"wp:attachment":[{"href":"https:\/\/larealidaddelaplata.com.ar\/index.php\/wp-json\/wp\/v2\/media?parent=38470"}],"wp:term":[{"taxonomy":"category","embeddable":true,"href":"https:\/\/larealidaddelaplata.com.ar\/index.php\/wp-json\/wp\/v2\/categories?post=38470"},{"taxonomy":"post_tag","embeddable":true,"href":"https:\/\/larealidaddelaplata.com.ar\/index.php\/wp-json\/wp\/v2\/tags?post=38470"}],"curies":[{"name":"wp","href":"https:\/\/api.w.org\/{rel}","templated":true}]}}