{"id":38473,"date":"2025-02-15T20:54:09","date_gmt":"2025-02-15T23:54:09","guid":{"rendered":"https:\/\/larealidaddelaplata.com.ar\/?p=38473"},"modified":"2025-02-15T20:54:13","modified_gmt":"2025-02-15T23:54:13","slug":"los-hornos-la-obra-de-la-avenida-60-iniciara-en-marzo","status":"publish","type":"post","link":"https:\/\/larealidaddelaplata.com.ar\/index.php\/2025\/02\/15\/los-hornos-la-obra-de-la-avenida-60-iniciara-en-marzo\/","title":{"rendered":"Los Hornos: La obra de la Avenida 60 iniciar\u00e1 en marzo"},"content":{"rendered":"\n<p>El intendente municipal de La Plata, Julio Alak, anunci\u00f3 hoy el inicio de obras de la nueva Avenida 60 entre 131 y 167 de Los Hornos durante la cena organizada por el Consejo de Instituciones de Los Hornos en el marco de la celebraci\u00f3n por el 142 aniversario de esa localidad.<\/p>\n\n\n\n<p>El anuncio del intendente platense tuvo lugar este jueves en el marco de la cena por el 142\u00b0 aniversario de la localidad que organiz\u00f3 el Consejo de Instituciones de Los Hornos (CILHO) en el C\u00edrculo Campano de 62 entre 140 y 141. Del encuentro participaron autoridades municipales, provinciales, eclesi\u00e1sticas, dirigentes de m\u00e1s de 150 clubes e instituciones de la localidad y vecinos de la hist\u00f3rica localidad fundada el 13 de febrero de 1883.<\/p>\n\n\n\n<p>La obra, financiada con fondos municipales y provinciales, iniciar\u00e1 el pr\u00f3ximo mes de marzo e incluir\u00e1 la construcci\u00f3n de dos v\u00edas de doble carril ida y vuelta con estacionamiento, una rambla central verde forestada de dos metros y medio de ancho, nueva iluminaci\u00f3n LED, tareas hidr\u00e1ulicas para evitar inundaciones y semaforizaci\u00f3n inteligente que permitir\u00e1 tener onda verde en el mencionado tramo.<\/p>\n\n\n\n<p>Durante la cena aniversario, Alak sostuvo que \u201cla ciudad necesita una nueva y gran v\u00eda de acceso desde el oeste, ya que las avenidas 520, 44 y 66 se encuentran colapsadas de tr\u00e1nsito\u201d.<\/p>\n\n\n\n<p>Asimismo, Alak dijo que \u201cla construcci\u00f3n de la Avenida 60 permitir\u00e1 que los veh\u00edculos que entran y salen de la ciudad hacia Ruta 36 y hacia Ruta 2 lo hagan en menos tiempo\u201d y asegur\u00f3: \u201cLa ciudad y Los Hornos merecen esta gran obra para mejorar la calidad de vida de los platenses\u201d.<\/p>\n\n\n\n<p>Seg\u00fan se inform\u00f3, una vez terminada esta primera etapa, se iniciar\u00e1 una segunda con las mismas caracter\u00edsticas que proyectar\u00e1 esta obra desde avenida 167 hasta Ruta 36.<\/p>\n","protected":false},"excerpt":{"rendered":"<p>El intendente municipal de La Plata, Julio Alak, anunci\u00f3 hoy el inicio de obras de la nueva Avenida 60 entre 131 y 167 de Los Hornos durante la cena organizada por el Consejo de Instituciones de Los Hornos en el marco de la celebraci\u00f3n por el 142 aniversario de esa localidad. El anuncio del intendente platense tuvo lugar este jueves en el marco de la cena por el 142\u00b0 aniversario&hellip;<\/p>\n","protected":false},"author":2,"featured_media":38474,"comment_status":"open","ping_status":"open","sticky":false,"template":"","format":"standard","meta":{"_acf_changed":false,"footnotes":""},"categories":[13],"tags":[597],"class_list":["post-38473","post","type-post","status-publish","format-standard","has-post-thumbnail","hentry","category-sociedad","tag-obra-publica"],"acf":[],"aioseo_notices":[],"_links":{"self":[{"href":"https:\/\/larealidaddelaplata.com.ar\/index.php\/wp-json\/wp\/v2\/posts\/38473"}],"collection":[{"href":"https:\/\/larealidaddelaplata.com.ar\/index.php\/wp-json\/wp\/v2\/posts"}],"about":[{"href":"https:\/\/larealidaddelaplata.com.ar\/index.php\/wp-json\/wp\/v2\/types\/post"}],"author":[{"embeddable":true,"href":"https:\/\/larealidaddelaplata.com.ar\/index.php\/wp-json\/wp\/v2\/users\/2"}],"replies":[{"embeddable":true,"href":"https:\/\/larealidaddelaplata.com.ar\/index.php\/wp-json\/wp\/v2\/comments?post=38473"}],"version-history":[{"count":1,"href":"https:\/\/larealidaddelaplata.com.ar\/index.php\/wp-json\/wp\/v2\/posts\/38473\/revisions"}],"predecessor-version":[{"id":38475,"href":"https:\/\/larealidaddelaplata.com.ar\/index.php\/wp-json\/wp\/v2\/posts\/38473\/revisions\/38475"}],"wp:featuredmedia":[{"embeddable":true,"href":"https:\/\/larealidaddelaplata.com.ar\/index.php\/wp-json\/wp\/v2\/media\/38474"}],"wp:attachment":[{"href":"https:\/\/larealidaddelaplata.com.ar\/index.php\/wp-json\/wp\/v2\/media?parent=38473"}],"wp:term":[{"taxonomy":"category","embeddable":true,"href":"https:\/\/larealidaddelaplata.com.ar\/index.php\/wp-json\/wp\/v2\/categories?post=38473"},{"taxonomy":"post_tag","embeddable":true,"href":"https:\/\/larealidaddelaplata.com.ar\/index.php\/wp-json\/wp\/v2\/tags?post=38473"}],"curies":[{"name":"wp","href":"https:\/\/api.w.org\/{rel}","templated":true}]}}