{"id":38476,"date":"2025-02-17T09:18:16","date_gmt":"2025-02-17T12:18:16","guid":{"rendered":"https:\/\/larealidaddelaplata.com.ar\/?p=38476"},"modified":"2025-02-17T09:18:32","modified_gmt":"2025-02-17T12:18:32","slug":"gimnasia-vs-san-martin-por-el-torneo-apertura-hora-tv-como-verlo-en-vivo-y-formaciones","status":"publish","type":"post","link":"https:\/\/larealidaddelaplata.com.ar\/index.php\/2025\/02\/17\/gimnasia-vs-san-martin-por-el-torneo-apertura-hora-tv-como-verlo-en-vivo-y-formaciones\/","title":{"rendered":"Gimnasia recibe a San Mart\u00edn por el Torneo Apertura: hora, TV, c\u00f3mo verlo en vivo y formaciones"},"content":{"rendered":"\n<p>Este lunes desde las 17,\u00a0<strong>Gimnasia<\/strong>\u00a0recibe a\u00a0<strong>San Mart\u00edn de San Juan<\/strong>\u00a0en el\u00a0<strong>Estadio Juan Carmelo Zerillo<\/strong>, por la continuidad de la fecha 6 del\u00a0<strong>Torneo Apertura<\/strong>. El \u00e1rbitro del partido ser\u00e1\u00a0<strong>Yael Falc\u00f3n P\u00e9rez\u00a0<\/strong>mientras que en el\u00a0<strong>VAR<\/strong>\u00a0estar\u00e1\u00a0<strong>Andr\u00e9s Merlos<\/strong>.<\/p>\n\n\n\n<p>El&nbsp;<strong>Lobo&nbsp;<\/strong>vuelve al Bosque luego del empate en condici\u00f3n de visitante ante&nbsp;<strong>Lan\u00fas<\/strong>, lo cual ayud\u00f3 a que sumara 4 unidades en el torneo, producto de una victoria y dicha igualdad. Por el lado de los sanjuaninos, se mantiene la racha sin triunfos en su retorno a la m\u00e1xima categor\u00eda, ya que tienen 3 empates y 2 derrotas, con un solo gol anotado.<\/p>\n\n\n\n<h2 class=\"wp-block-heading\">\u00bfC\u00f3mo llega Gimnasia?<\/h2>\n\n\n\n<p>En su primera semana completa de trabajo,\u00a0<strong>Diego Flores,<\/strong>\u00a0poco a poco, busca aceitar su idea de juego y seguir fortaleciendo la parte mental del plantel mens sana.\u00a0Luego del empate ante el Granate, el entrenador qued\u00f3 conforme y quiere que sea el puntapi\u00e9 inicial para seguir sumando en casa.<\/p>\n\n\n\n<p>Con respecto al equipo, si bien las sensaciones fueron buenas, el Traductor viene conociendo a su plantel y no se descarta que realice alguna modificaci\u00f3n. En este terreno, uno de las opciones que est\u00e1 sobre la mesa es la de&nbsp;<strong>Bautista Merlini<\/strong>&nbsp;por su papel en el triunfo ante&nbsp;<strong>Godoy Cruz<\/strong>&nbsp;y lo que viene trabajando en los entrenamientos.<\/p>\n\n\n\n<h2 class=\"wp-block-heading\">\u00bfC\u00f3mo llega San Mart\u00edn de San Juan?<\/h2>\n\n\n\n<p>En sus primeras fechas desde su vuelta a primera divisi\u00f3n, el conjunto cuyano viene de empatar con el Matador Cordob\u00e9s en condici\u00f3n de local. Sin embargo, en condici\u00f3n de visitante solo cosech\u00f3 derrotas y llega a&nbsp;<strong>La Plata<\/strong>&nbsp;con ese objetivo.<\/p>\n\n\n\n<p>En cuanto al equipo, tiene muchos futbolistas de renombre para el f\u00fatbol argentino y su entrenador,&nbsp;<strong>Ra\u00fal Antu\u00f1a<\/strong>, tiene algunas dudas antes de confirmar los titulares para jugar en el Bosque. El lateral derecho,&nbsp;<strong>Alejandro Molina&nbsp;<\/strong>fue titular en el debut y podr\u00eda ganarse un lugar desde el arranque nuevamente.<\/p>\n\n\n\n<h2 class=\"wp-block-heading\">La probable formaci\u00f3n de Gimnasia<\/h2>\n\n\n\n<ul class=\"wp-block-list\">\n<li>Nelson Insfr\u00e1n; Juan Pintado, Leonardo Morales, Gast\u00f3n Suso y Pedro Silva Torrej\u00f3n; Lucas Castro, Mart\u00edn Fern\u00e1ndez y Pablo De Blasis; Manuel Panaro o Bautista Merlini, Rodrigo Castillo y Alan Sosa.<\/li>\n<\/ul>\n\n\n\n<h2 class=\"wp-block-heading\">El probable equipo de San Mart\u00edn<\/h2>\n\n\n\n<ul class=\"wp-block-list\">\n<li>Mat\u00edas Borgogno; Ayrton Portillo o Alejandro Molina; Rodrigo C\u00e1seres, Esteban Burgos y Lucas Diarte; Gino Olgu\u00edn; Tom\u00e1s Fern\u00e1ndez, Sebasti\u00e1n Jaurena, Gast\u00f3n Moreyra y Jonathan Men\u00e9ndez; Federico Anselmo.<\/li>\n<\/ul>\n\n\n\n<h2 class=\"wp-block-heading\">Gimnasia vs. San Mart\u00edn: C\u00f3mo ver en vivo y datos del partido<\/h2>\n\n\n\n<ul class=\"wp-block-list\">\n<li>\u00c1rbitro: Yael Falc\u00f3n P\u00e9rez.<\/li>\n\n\n\n<li>VAR: Andr\u00e9s Merlos.<\/li>\n\n\n\n<li>Estadio: Juan Carmelo Zerillo.<\/li>\n\n\n\n<li>Hora: 17.<\/li>\n\n\n\n<li>TV: TNT Sports.<\/li>\n<\/ul>\n","protected":false},"excerpt":{"rendered":"<p>Este lunes desde las 17,\u00a0Gimnasia\u00a0recibe a\u00a0San Mart\u00edn de San Juan\u00a0en el\u00a0Estadio Juan Carmelo Zerillo, por la continuidad de la fecha 6 del\u00a0Torneo Apertura. El \u00e1rbitro del partido ser\u00e1\u00a0Yael Falc\u00f3n P\u00e9rez\u00a0mientras que en el\u00a0VAR\u00a0estar\u00e1\u00a0Andr\u00e9s Merlos. El&nbsp;Lobo&nbsp;vuelve al Bosque luego del empate en condici\u00f3n de visitante ante&nbsp;Lan\u00fas, lo cual ayud\u00f3 a que sumara 4 unidades en el torneo, producto de una victoria y dicha igualdad. Por el lado de los sanjuaninos, se&hellip;<\/p>\n","protected":false},"author":3,"featured_media":38477,"comment_status":"open","ping_status":"open","sticky":false,"template":"","format":"standard","meta":{"_acf_changed":false,"footnotes":""},"categories":[2],"tags":[],"class_list":["post-38476","post","type-post","status-publish","format-standard","has-post-thumbnail","hentry","category-provincia"],"acf":[],"aioseo_notices":[],"_links":{"self":[{"href":"https:\/\/larealidaddelaplata.com.ar\/index.php\/wp-json\/wp\/v2\/posts\/38476"}],"collection":[{"href":"https:\/\/larealidaddelaplata.com.ar\/index.php\/wp-json\/wp\/v2\/posts"}],"about":[{"href":"https:\/\/larealidaddelaplata.com.ar\/index.php\/wp-json\/wp\/v2\/types\/post"}],"author":[{"embeddable":true,"href":"https:\/\/larealidaddelaplata.com.ar\/index.php\/wp-json\/wp\/v2\/users\/3"}],"replies":[{"embeddable":true,"href":"https:\/\/larealidaddelaplata.com.ar\/index.php\/wp-json\/wp\/v2\/comments?post=38476"}],"version-history":[{"count":2,"href":"https:\/\/larealidaddelaplata.com.ar\/index.php\/wp-json\/wp\/v2\/posts\/38476\/revisions"}],"predecessor-version":[{"id":38479,"href":"https:\/\/larealidaddelaplata.com.ar\/index.php\/wp-json\/wp\/v2\/posts\/38476\/revisions\/38479"}],"wp:featuredmedia":[{"embeddable":true,"href":"https:\/\/larealidaddelaplata.com.ar\/index.php\/wp-json\/wp\/v2\/media\/38477"}],"wp:attachment":[{"href":"https:\/\/larealidaddelaplata.com.ar\/index.php\/wp-json\/wp\/v2\/media?parent=38476"}],"wp:term":[{"taxonomy":"category","embeddable":true,"href":"https:\/\/larealidaddelaplata.com.ar\/index.php\/wp-json\/wp\/v2\/categories?post=38476"},{"taxonomy":"post_tag","embeddable":true,"href":"https:\/\/larealidaddelaplata.com.ar\/index.php\/wp-json\/wp\/v2\/tags?post=38476"}],"curies":[{"name":"wp","href":"https:\/\/api.w.org\/{rel}","templated":true}]}}