{"id":38480,"date":"2025-02-17T09:33:05","date_gmt":"2025-02-17T12:33:05","guid":{"rendered":"https:\/\/larealidaddelaplata.com.ar\/?p=38480"},"modified":"2025-02-17T09:33:08","modified_gmt":"2025-02-17T12:33:08","slug":"cosquin-rock-andres-ciro-cambio-un-tema-de-los-piojos-para-pegarle-a-javier-milei-por-el-escandalo-cripto","status":"publish","type":"post","link":"https:\/\/larealidaddelaplata.com.ar\/index.php\/2025\/02\/17\/cosquin-rock-andres-ciro-cambio-un-tema-de-los-piojos-para-pegarle-a-javier-milei-por-el-escandalo-cripto\/","title":{"rendered":"Cosqu\u00edn Rock: Andr\u00e9s Ciro cambi\u00f3 un tema de Los Piojos para pegarle a Javier Milei por el esc\u00e1ndalo cripto"},"content":{"rendered":"\n<p>El esc\u00e1ndalo internacional por la criptomoneda&nbsp;<strong>$Libra<\/strong>&nbsp;promocionada por el presidente&nbsp;<strong>Javier Milei<\/strong>&nbsp;y que result\u00f3 en una estafa, lleg\u00f3 hasta el Cosqu\u00edn Rock, donde el cantante de Los Piojos, Andr\u00e9s Ciro Mart\u00ednez, cambi\u00f3 la letra de una canci\u00f3n para criticarlo.<\/p>\n\n\n\n<p><strong>&#8220;Tienen tantas mentiras, tantas criptomonedas, tanta libertad&#8230;&#8221;<\/strong>, lanz\u00f3 el m\u00fasico mientras entonaba &#8220;Llevatelo&#8221;.<\/p>\n\n\n\n<blockquote class=\"twitter-tweet\" data-media-max-width=\"560\"><p lang=\"es\" dir=\"ltr\">\u201cTiene tanta mentira, tanta CRIPTOMONEDA, tanta LIBERTAD\u201d, Ciro con Los Piojos en Cosquin <a href=\"https:\/\/t.co\/VoDiPGQYrp\">pic.twitter.com\/VoDiPGQYrp<\/a><\/p>&mdash; Sebi Schurman (@sebischurman) <a href=\"https:\/\/twitter.com\/sebischurman\/status\/1891308866123518127?ref_src=twsrc%5Etfw\">February 17, 2025<\/a><\/blockquote> <script async src=\"https:\/\/platform.twitter.com\/widgets.js\" charset=\"utf-8\"><\/script>\n\n\n\n<p>Este fin de semana, la provincia de C\u00f3rdoba fue la anfitriona de uno de los festivales de m\u00fasica m\u00e1s importantes del pa\u00eds:&nbsp;<strong>Cosqu\u00edn Rock 2025.<\/strong>&nbsp;El evento que convoca a gente de todo el mundo se llev\u00f3 a cabo y no solo los artistas dejaron su&nbsp;<strong>mensaje contra Javier Milei sino que el p\u00fablico tambi\u00e9n eligi\u00f3 expresarse.<\/strong><\/p>\n\n\n\n<p>Es que durante los \u00faltimos tiempos, el mandatario decidi\u00f3 enfrentar a varios artistas, generando una gran pol\u00e9mica, entre ellos:&nbsp;<strong>Lali Esp\u00f3sito, Mar\u00eda Becerra y Milo J.&nbsp;<\/strong>Cosqu\u00edn Rock fue el momento perfecto para que todos dejaran en claro su postura.<\/p>\n\n\n\n<p>No te va a Gustar, Dillom, Airbag, Wos y entre otros, fueron los que decidieron hablar\u00a0sobre la censura que est\u00e1 sufriendo la cultura argentina y dejaron contundentes mensajes.<\/p>\n\n\n\n<p>Sin embargo,&nbsp;<strong>Andr\u00e9s Ciro fue un poco m\u00e1s y se refiri\u00f3 al reciente y escandaloso caso que parece sacudir al Presidente<\/strong>, relacionado con la promoci\u00f3n de una criptomoneda que result\u00f3 ser una estafa millonaria.<\/p>\n\n\n\n<h2 class=\"wp-block-heading\">Javier Milei rompe el silencio este lunes<\/h2>\n\n\n\n<p>el Presidente buscar\u00eda una lavada de cara en alg\u00fan medio amigable, luego de lo que fue, apenas, un \u00fanico tuit como descargo, tras conocerse la estafa cripto que tuvo alcance mundial.<\/p>\n\n\n\n<p>&#8220;El Gobierno va a anunciar que van a rastrear la trazabilidad de los tipos que se quedaron con la guita de $Libra para mostrar que fue un grupo que se aprovech\u00f3 por fuera de los que la impulsaron oficialmente. Ma\u00f1ana Milei va a dar una nota para explicar qu\u00e9 pas\u00f3 tras bambalinas&#8221;, anticip\u00f3 el periodista de tinte oficialista&nbsp;<strong>Lucas Morando<\/strong>.<\/p>\n\n\n\n<p>Mientras se especulaba sobre con qui\u00e9n ser\u00eda la nota, Jorge Rial agreg\u00f3 m\u00e1s precisiones.&nbsp;<strong>&#8220;Est\u00e1n evaluando que ma\u00f1ana sea Jonatan Viale el periodista elegido para tirarle los centros a Javier Milei&#8221;<\/strong>, se\u00f1al\u00f3 el conductor de Argenzuela.<\/p>\n\n\n\n<p>Ya entrada la noche, fue el propio libertario quien se encarg\u00f3 de confirmar que este lunes estar\u00e1 con Joni Viale.<\/p>\n\n\n\n<blockquote class=\"twitter-tweet\"><p lang=\"es\" dir=\"ltr\">Lunes, con Jonatan Viale. <a href=\"https:\/\/t.co\/VClCaVoPIE\">pic.twitter.com\/VClCaVoPIE<\/a><\/p>&mdash; Javier Milei (@JMileiElecto) <a href=\"https:\/\/twitter.com\/JMileiElecto\/status\/1891303577353650390?ref_src=twsrc%5Etfw\">February 17, 2025<\/a><\/blockquote> <script async src=\"https:\/\/platform.twitter.com\/widgets.js\" charset=\"utf-8\"><\/script>\n","protected":false},"excerpt":{"rendered":"<p>El esc\u00e1ndalo internacional por la criptomoneda&nbsp;$Libra&nbsp;promocionada por el presidente&nbsp;Javier Milei&nbsp;y que result\u00f3 en una estafa, lleg\u00f3 hasta el Cosqu\u00edn Rock, donde el cantante de Los Piojos, Andr\u00e9s Ciro Mart\u00ednez, cambi\u00f3 la letra de una canci\u00f3n para criticarlo. &#8220;Tienen tantas mentiras, tantas criptomonedas, tanta libertad&#8230;&#8221;, lanz\u00f3 el m\u00fasico mientras entonaba &#8220;Llevatelo&#8221;. \u201cTiene tanta mentira, tanta CRIPTOMONEDA, tanta LIBERTAD\u201d, Ciro con Los Piojos en Cosquin pic.twitter.com\/VoDiPGQYrp &mdash; Sebi Schurman (@sebischurman) February 17,&hellip;<\/p>\n","protected":false},"author":3,"featured_media":38481,"comment_status":"open","ping_status":"open","sticky":false,"template":"","format":"standard","meta":{"_acf_changed":false,"footnotes":""},"categories":[2],"tags":[],"class_list":["post-38480","post","type-post","status-publish","format-standard","has-post-thumbnail","hentry","category-provincia"],"acf":[],"aioseo_notices":[],"_links":{"self":[{"href":"https:\/\/larealidaddelaplata.com.ar\/index.php\/wp-json\/wp\/v2\/posts\/38480"}],"collection":[{"href":"https:\/\/larealidaddelaplata.com.ar\/index.php\/wp-json\/wp\/v2\/posts"}],"about":[{"href":"https:\/\/larealidaddelaplata.com.ar\/index.php\/wp-json\/wp\/v2\/types\/post"}],"author":[{"embeddable":true,"href":"https:\/\/larealidaddelaplata.com.ar\/index.php\/wp-json\/wp\/v2\/users\/3"}],"replies":[{"embeddable":true,"href":"https:\/\/larealidaddelaplata.com.ar\/index.php\/wp-json\/wp\/v2\/comments?post=38480"}],"version-history":[{"count":2,"href":"https:\/\/larealidaddelaplata.com.ar\/index.php\/wp-json\/wp\/v2\/posts\/38480\/revisions"}],"predecessor-version":[{"id":38484,"href":"https:\/\/larealidaddelaplata.com.ar\/index.php\/wp-json\/wp\/v2\/posts\/38480\/revisions\/38484"}],"wp:featuredmedia":[{"embeddable":true,"href":"https:\/\/larealidaddelaplata.com.ar\/index.php\/wp-json\/wp\/v2\/media\/38481"}],"wp:attachment":[{"href":"https:\/\/larealidaddelaplata.com.ar\/index.php\/wp-json\/wp\/v2\/media?parent=38480"}],"wp:term":[{"taxonomy":"category","embeddable":true,"href":"https:\/\/larealidaddelaplata.com.ar\/index.php\/wp-json\/wp\/v2\/categories?post=38480"},{"taxonomy":"post_tag","embeddable":true,"href":"https:\/\/larealidaddelaplata.com.ar\/index.php\/wp-json\/wp\/v2\/tags?post=38480"}],"curies":[{"name":"wp","href":"https:\/\/api.w.org\/{rel}","templated":true}]}}