{"id":38485,"date":"2025-02-17T14:58:54","date_gmt":"2025-02-17T17:58:54","guid":{"rendered":"https:\/\/larealidaddelaplata.com.ar\/?p=38485"},"modified":"2025-02-17T14:58:58","modified_gmt":"2025-02-17T17:58:58","slug":"javier-milei-rompera-el-silencio-esta-noche-tras-el-escandalo-de-la-criptomoneda","status":"publish","type":"post","link":"https:\/\/larealidaddelaplata.com.ar\/index.php\/2025\/02\/17\/javier-milei-rompera-el-silencio-esta-noche-tras-el-escandalo-de-la-criptomoneda\/","title":{"rendered":"Javier Milei romper\u00e1 el silencio esta noche tras el esc\u00e1ndalo de la criptomoneda"},"content":{"rendered":"\n<p>El esc\u00e1ndalo con la\u00a0<strong>criptomoneda $LIBRA<\/strong> tuvo tanta repercusi\u00f3n a nivel mundial, que el propio presidente Javier Milei se tom\u00f3 el fin de semana en silencio y finalmente este lunes por la noche<strong>\u00a0<\/strong>conceder\u00e1 una\u00a0<strong>entrevista televisiva\u00a0<\/strong>y d\u00e9 su punto de vista sobre su propio accionar en la\u00a0<strong>estafa<\/strong>\u00a0que alcanza al menos los\u00a0<strong>87 millones de d\u00f3lares<\/strong>. <\/p>\n\n\n\n<p><strong>Milei dialogar\u00e1 sobre este candente tema con el periodista Jonatan Viale<\/strong>&nbsp;entre las 20 y las 21.30 horas cuando se emite su programa por la se\u00f1al de cable&nbsp;<em>TN<\/em>.<\/p>\n\n\n\n<p>Se espera que el mandatario explique su rol en la mec\u00e1nica de la\u00a0<strong>moneda meme<\/strong>, cuyas operaciones iniciaron al mismo momento en que\u00a0<strong>promocion\u00f3 $LIBRA desde sus redes sociales<\/strong>, a las 19.01 horas del viernes 14 de febrero, mediante un tuit fijado en su cuenta de\u00a0<em>X<\/em>\u00a0y en su perfil de\u00a0<em>Instagram<\/em>.<\/p>\n\n\n\n<p><strong>El posteo estuvo activo y fijado hasta las 0.38 horas del s\u00e1bado 15 de febrero<\/strong>, tiempo en el que la cripto elev\u00f3 su valor hasta alcanzar los 5 d\u00f3lares, y luego cay\u00f3 estrepitosamente hasta valer muy pocos centavos.<\/p>\n\n\n\n<p>Mientras tanto, otro tema a prestar atenci\u00f3n ser\u00e1 la denuncia que recibi\u00f3 el\u00a0<strong>Departamento de Justicia y la Oficina Federal de Investigaciones (FBI)<\/strong>\u00a0contra los principales implicados en la\u00a0maniobra que habr\u00eda generado entre 80 y 100 millones de d\u00f3lares en ganancias il\u00edcitas.<\/p>\n","protected":false},"excerpt":{"rendered":"<p>El esc\u00e1ndalo con la\u00a0criptomoneda $LIBRA tuvo tanta repercusi\u00f3n a nivel mundial, que el propio presidente Javier Milei se tom\u00f3 el fin de semana en silencio y finalmente este lunes por la noche\u00a0conceder\u00e1 una\u00a0entrevista televisiva\u00a0y d\u00e9 su punto de vista sobre su propio accionar en la\u00a0estafa\u00a0que alcanza al menos los\u00a087 millones de d\u00f3lares. Milei dialogar\u00e1 sobre este candente tema con el periodista Jonatan Viale&nbsp;entre las 20 y las 21.30 horas cuando&hellip;<\/p>\n","protected":false},"author":6,"featured_media":38486,"comment_status":"open","ping_status":"open","sticky":false,"template":"","format":"standard","meta":{"_acf_changed":false,"footnotes":""},"categories":[13],"tags":[],"class_list":["post-38485","post","type-post","status-publish","format-standard","has-post-thumbnail","hentry","category-sociedad"],"acf":[],"aioseo_notices":[],"_links":{"self":[{"href":"https:\/\/larealidaddelaplata.com.ar\/index.php\/wp-json\/wp\/v2\/posts\/38485"}],"collection":[{"href":"https:\/\/larealidaddelaplata.com.ar\/index.php\/wp-json\/wp\/v2\/posts"}],"about":[{"href":"https:\/\/larealidaddelaplata.com.ar\/index.php\/wp-json\/wp\/v2\/types\/post"}],"author":[{"embeddable":true,"href":"https:\/\/larealidaddelaplata.com.ar\/index.php\/wp-json\/wp\/v2\/users\/6"}],"replies":[{"embeddable":true,"href":"https:\/\/larealidaddelaplata.com.ar\/index.php\/wp-json\/wp\/v2\/comments?post=38485"}],"version-history":[{"count":1,"href":"https:\/\/larealidaddelaplata.com.ar\/index.php\/wp-json\/wp\/v2\/posts\/38485\/revisions"}],"predecessor-version":[{"id":38487,"href":"https:\/\/larealidaddelaplata.com.ar\/index.php\/wp-json\/wp\/v2\/posts\/38485\/revisions\/38487"}],"wp:featuredmedia":[{"embeddable":true,"href":"https:\/\/larealidaddelaplata.com.ar\/index.php\/wp-json\/wp\/v2\/media\/38486"}],"wp:attachment":[{"href":"https:\/\/larealidaddelaplata.com.ar\/index.php\/wp-json\/wp\/v2\/media?parent=38485"}],"wp:term":[{"taxonomy":"category","embeddable":true,"href":"https:\/\/larealidaddelaplata.com.ar\/index.php\/wp-json\/wp\/v2\/categories?post=38485"},{"taxonomy":"post_tag","embeddable":true,"href":"https:\/\/larealidaddelaplata.com.ar\/index.php\/wp-json\/wp\/v2\/tags?post=38485"}],"curies":[{"name":"wp","href":"https:\/\/api.w.org\/{rel}","templated":true}]}}