{"id":3887,"date":"2020-11-06T18:10:03","date_gmt":"2020-11-06T21:10:03","guid":{"rendered":"http:\/\/larealidaddelaplata.com.ar\/?p=3887"},"modified":"2020-11-06T18:30:17","modified_gmt":"2020-11-06T21:30:17","slug":"el-presidente-anuncio-que-el-dispo-para-el-amba","status":"publish","type":"post","link":"https:\/\/larealidaddelaplata.com.ar\/index.php\/2020\/11\/06\/el-presidente-anuncio-que-el-dispo-para-el-amba\/","title":{"rendered":"El Presidente anunci\u00f3 el  DISPO para el AMBA"},"content":{"rendered":"\n<p>El presidente Alberto Fern\u00e1ndez afirm\u00f3 que<em><strong> &#8220;es hora que el AMBA pase a una etapa de distanciamiento, social preventivo y obligatorio&#8221;<\/strong><\/em>. Lo hizo en conferencia de prensa, este 6 de noviembre desde la residencia de Olivos. <\/p>\n\n\n\n<p>Ante la baja de casos de coronavirus en las \u00faltimas ocho semanas, Fern\u00e1ndez se reuni\u00f3 esta ma\u00f1ana con el gobernador provincial, Axel Kicillof,  y el Jefe de gobierno Porte\u00f1o, Horacio Rodr\u00edguez Larreta.  Juntos tomaron la decisi\u00f3n de pasar del &#8220;aislamiento&#8221; al &#8220;distanciamiento&#8221;.  <\/p>\n\n\n\n<figure class=\"wp-block-embed-twitter wp-block-embed is-type-rich is-provider-twitter\"><div class=\"wp-block-embed__wrapper\">\n<blockquote class=\"twitter-tweet\" data-width=\"550\" data-dnt=\"true\"><p lang=\"es\" dir=\"ltr\">Esta ma\u00f1ana me reun\u00ed con <a href=\"https:\/\/twitter.com\/Kicillofok?ref_src=twsrc%5Etfw\">@kicillofok<\/a> y <a href=\"https:\/\/twitter.com\/horaciorlarreta?ref_src=twsrc%5Etfw\">@horaciorlarreta<\/a> para coordinar las nuevas medidas sanitarias que regir\u00e1n en el AMBA. <br><br>La unidad y el di\u00e1logo han sido el camino para afrontar juntos esta pandemia y tambi\u00e9n lo ser\u00e1n a la hora de encarar el futuro. <a href=\"https:\/\/t.co\/pjX852W0ws\">pic.twitter.com\/pjX852W0ws<\/a><\/p>&mdash; Alberto Fern\u00e1ndez (@alferdez) <a href=\"https:\/\/twitter.com\/alferdez\/status\/1324767214113837056?ref_src=twsrc%5Etfw\">November 6, 2020<\/a><\/blockquote><script async src=\"https:\/\/platform.twitter.com\/widgets.js\" charset=\"utf-8\"><\/script>\n<\/div><\/figure>\n\n\n\n<p>A su vez, el mandatario advirti\u00f3 que el transporte p\u00fablico seguir\u00e1 con restricciones y<strong> s\u00f3lo podr\u00e1 ser utilizado por personal esencial,<\/strong> al formular. <\/p>\n\n\n\n<p>Tambi\u00e9n recalc\u00f3 que departamentos de diez provincias en los que hay aumento o multiplicidad de casos de coronavirus continuar\u00e1n en aislamiento social, preventivo y obligatorio hasta el 29 de noviembre.<\/p>\n\n\n\n<p>Fern\u00e1ndez reiter\u00f3 que los problemas generados por la pandemia &#8220;contin\u00faan&#8221; y es necesario &#8220;seguir con los cuidados&#8221; sanitarios, tanto en contexto de aislamiento como de distanciamiento.<\/p>\n\n\n\n<p>Subray\u00f3, adem\u00e1s, que est\u00e1 &#8220;satisfecho&#8221; con el logro de que &#8220;ning\u00fan porte\u00f1o o bonaerense se haya visto obligado a carecer de atenci\u00f3n m\u00e9dica debido a deficiencias del sistema&#8221;.\n\n<\/p>\n","protected":false},"excerpt":{"rendered":"<p>El presidente Alberto Fern\u00e1ndez afirm\u00f3 que &#8220;es hora que el AMBA pase a una etapa de distanciamiento, social preventivo y obligatorio&#8221;. Lo hizo en conferencia de prensa, este 6 de noviembre desde la residencia de Olivos. Ante la baja de casos de coronavirus en las \u00faltimas ocho semanas, Fern\u00e1ndez se reuni\u00f3 esta ma\u00f1ana con el gobernador provincial, Axel Kicillof, y el Jefe de gobierno Porte\u00f1o, Horacio Rodr\u00edguez Larreta. Juntos tomaron&hellip;<\/p>\n","protected":false},"author":3,"featured_media":3890,"comment_status":"open","ping_status":"open","sticky":false,"template":"","format":"standard","meta":{"_acf_changed":false,"footnotes":""},"categories":[2],"tags":[197,480,321,31,712],"class_list":["post-3887","post","type-post","status-publish","format-standard","has-post-thumbnail","hentry","category-provincia","tag-alberto-fernadez","tag-amba","tag-aspo","tag-cuarentena","tag-dispo"],"acf":[],"aioseo_notices":[],"_links":{"self":[{"href":"https:\/\/larealidaddelaplata.com.ar\/index.php\/wp-json\/wp\/v2\/posts\/3887"}],"collection":[{"href":"https:\/\/larealidaddelaplata.com.ar\/index.php\/wp-json\/wp\/v2\/posts"}],"about":[{"href":"https:\/\/larealidaddelaplata.com.ar\/index.php\/wp-json\/wp\/v2\/types\/post"}],"author":[{"embeddable":true,"href":"https:\/\/larealidaddelaplata.com.ar\/index.php\/wp-json\/wp\/v2\/users\/3"}],"replies":[{"embeddable":true,"href":"https:\/\/larealidaddelaplata.com.ar\/index.php\/wp-json\/wp\/v2\/comments?post=3887"}],"version-history":[{"count":0,"href":"https:\/\/larealidaddelaplata.com.ar\/index.php\/wp-json\/wp\/v2\/posts\/3887\/revisions"}],"wp:featuredmedia":[{"embeddable":true,"href":"https:\/\/larealidaddelaplata.com.ar\/index.php\/wp-json\/wp\/v2\/media\/3890"}],"wp:attachment":[{"href":"https:\/\/larealidaddelaplata.com.ar\/index.php\/wp-json\/wp\/v2\/media?parent=3887"}],"wp:term":[{"taxonomy":"category","embeddable":true,"href":"https:\/\/larealidaddelaplata.com.ar\/index.php\/wp-json\/wp\/v2\/categories?post=3887"},{"taxonomy":"post_tag","embeddable":true,"href":"https:\/\/larealidaddelaplata.com.ar\/index.php\/wp-json\/wp\/v2\/tags?post=3887"}],"curies":[{"name":"wp","href":"https:\/\/api.w.org\/{rel}","templated":true}]}}