{"id":39071,"date":"2025-04-22T08:15:05","date_gmt":"2025-04-22T11:15:05","guid":{"rendered":"https:\/\/larealidaddelaplata.com.ar\/?p=39071"},"modified":"2025-04-22T08:15:10","modified_gmt":"2025-04-22T11:15:10","slug":"comenzo-en-una-medida-de-fuerza-con-clases-publicas-paro-y-movilizacion-de-docentes-de-la-unlp","status":"publish","type":"post","link":"https:\/\/larealidaddelaplata.com.ar\/index.php\/2025\/04\/22\/comenzo-en-una-medida-de-fuerza-con-clases-publicas-paro-y-movilizacion-de-docentes-de-la-unlp\/","title":{"rendered":"Comenz\u00f3 en una medida de fuerza con clases p\u00fablicas, paro y movilizaci\u00f3n de docentes de la UNLP"},"content":{"rendered":"\n<p>Los\u00a0<strong>docentes<\/strong>\u00a0de la\u00a0<strong>Universidad Nacional de La Plata (UNLP)<\/strong>\u00a0dan inicio a las medidas de fuerza en el marco del plan nacional de\u00a0<strong>Federaci\u00f3n Nacional de Docentes Universitarios<\/strong>\u00a0<strong>(CONADU)<\/strong>. Los universitarios realizar\u00e1n acciones este martes y mi\u00e9rcoles, coincidiendo este \u00faltimo d\u00eda con el primer aniversario de la multitudinaria\u00a0<strong>Marcha Federal Universitaria<\/strong>.<\/p>\n\n\n\n<p>En este contexto,\u00a0los gremios buscar\u00e1n visibilizar el reclamo por mejoras salariales y mayor presupuesto para las universidades. La\u00a0<strong>Asociaci\u00f3n de Docentes de la Universidad de La Plata (ADULP)<\/strong>\u00a0anunci\u00f3 que este martes realizar\u00e1 clases p\u00fablicas en distintas facultades, en tanto que el mi\u00e9rcoles llevar\u00e1 adelante un\u00a0<strong>paro<\/strong>\u00a0de 24 horas.<\/p>\n\n\n\n<p>Adem\u00e1s, para ese d\u00eda convoc\u00f3 a movilizar al Rectorado desde las 15, donde tambi\u00e9n se har\u00e1 una radio abierta e intervenciones audiovisuales.&nbsp;&#8220;Sin salarios dignos no hay universidad. Sin trabajadorxs y estudiantes, no hay universidad. Sin universidad no hay futuro&#8221;, indicaron a trav\u00e9s de las redes sociales.<\/p>\n\n\n\n<h2 class=\"wp-block-heading\">Nueva Marcha Federal Universitaria<\/h2>\n\n\n\n<p>Por otro lado,&nbsp;los gremios de la UNLP ratificaron su presencia en el acto del 30 de abril, organizado por las centrales sindicales. La participaci\u00f3n se da en medio de un fuerte ajuste impulsado por el Gobierno de&nbsp;<strong>Javier Milei<\/strong>, que afecta directamente al sector educativo.<\/p>\n\n\n\n<p>En CONADU ya anunciaron que en la segunda quincena de mayo se realizar\u00e1 una nueva Marcha Federal. Aunque a\u00fan no hay fecha confirmada, se espera que la movilizaci\u00f3n tenga una gran convocatoria y que vuelva a poner en el centro del debate la necesidad de financiamiento, paritarias y condiciones laborales dignas para el sector.<\/p>\n","protected":false},"excerpt":{"rendered":"<p>Los\u00a0docentes\u00a0de la\u00a0Universidad Nacional de La Plata (UNLP)\u00a0dan inicio a las medidas de fuerza en el marco del plan nacional de\u00a0Federaci\u00f3n Nacional de Docentes Universitarios\u00a0(CONADU). Los universitarios realizar\u00e1n acciones este martes y mi\u00e9rcoles, coincidiendo este \u00faltimo d\u00eda con el primer aniversario de la multitudinaria\u00a0Marcha Federal Universitaria. En este contexto,\u00a0los gremios buscar\u00e1n visibilizar el reclamo por mejoras salariales y mayor presupuesto para las universidades. La\u00a0Asociaci\u00f3n de Docentes de la Universidad de La&hellip;<\/p>\n","protected":false},"author":3,"featured_media":37089,"comment_status":"open","ping_status":"open","sticky":false,"template":"","format":"standard","meta":{"_acf_changed":false,"footnotes":""},"categories":[2],"tags":[],"class_list":["post-39071","post","type-post","status-publish","format-standard","has-post-thumbnail","hentry","category-provincia"],"acf":[],"aioseo_notices":[],"_links":{"self":[{"href":"https:\/\/larealidaddelaplata.com.ar\/index.php\/wp-json\/wp\/v2\/posts\/39071"}],"collection":[{"href":"https:\/\/larealidaddelaplata.com.ar\/index.php\/wp-json\/wp\/v2\/posts"}],"about":[{"href":"https:\/\/larealidaddelaplata.com.ar\/index.php\/wp-json\/wp\/v2\/types\/post"}],"author":[{"embeddable":true,"href":"https:\/\/larealidaddelaplata.com.ar\/index.php\/wp-json\/wp\/v2\/users\/3"}],"replies":[{"embeddable":true,"href":"https:\/\/larealidaddelaplata.com.ar\/index.php\/wp-json\/wp\/v2\/comments?post=39071"}],"version-history":[{"count":1,"href":"https:\/\/larealidaddelaplata.com.ar\/index.php\/wp-json\/wp\/v2\/posts\/39071\/revisions"}],"predecessor-version":[{"id":39072,"href":"https:\/\/larealidaddelaplata.com.ar\/index.php\/wp-json\/wp\/v2\/posts\/39071\/revisions\/39072"}],"wp:featuredmedia":[{"embeddable":true,"href":"https:\/\/larealidaddelaplata.com.ar\/index.php\/wp-json\/wp\/v2\/media\/37089"}],"wp:attachment":[{"href":"https:\/\/larealidaddelaplata.com.ar\/index.php\/wp-json\/wp\/v2\/media?parent=39071"}],"wp:term":[{"taxonomy":"category","embeddable":true,"href":"https:\/\/larealidaddelaplata.com.ar\/index.php\/wp-json\/wp\/v2\/categories?post=39071"},{"taxonomy":"post_tag","embeddable":true,"href":"https:\/\/larealidaddelaplata.com.ar\/index.php\/wp-json\/wp\/v2\/tags?post=39071"}],"curies":[{"name":"wp","href":"https:\/\/api.w.org\/{rel}","templated":true}]}}