{"id":39073,"date":"2025-04-22T10:40:49","date_gmt":"2025-04-22T13:40:49","guid":{"rendered":"https:\/\/larealidaddelaplata.com.ar\/?p=39073"},"modified":"2025-04-22T10:40:53","modified_gmt":"2025-04-22T13:40:53","slug":"adios-austero-al-pontifice-el-vaticano-anuncio-cuando-sera-el-funeral-del-papa-francisco","status":"publish","type":"post","link":"https:\/\/larealidaddelaplata.com.ar\/index.php\/2025\/04\/22\/adios-austero-al-pontifice-el-vaticano-anuncio-cuando-sera-el-funeral-del-papa-francisco\/","title":{"rendered":"Adi\u00f3s Austero al Pont\u00edfice: El Vaticano anunci\u00f3 cu\u00e1ndo ser\u00e1 el funeral del papa Francisco"},"content":{"rendered":"\n<p>El \u00faltimo adi\u00f3s al Papa Francisco se caracterizar\u00e1 por la austeridad, en cumplimiento de las directrices establecidas en el \u201cOrdo Exsequiarum Romani Pontificis\u201d, el documento que rige el rito f\u00fanebre de un Pont\u00edfice, y que el propio Jorge Bergoglio modific\u00f3 en noviembre del a\u00f1o pasado. En un gesto de sencillez, el Santo Padre dispuso que su cuerpo repose en un ata\u00fad simple, en contraposici\u00f3n al tradicional f\u00e9retro elaborado con tres tipos de madera. Asimismo, expres\u00f3 su voluntad de ser sepultado en la Bas\u00edlica de Santa Mar\u00eda la Mayor, en Roma, y no en las grutas del Vaticano, marcando una desviaci\u00f3n de la costumbre papal.<\/p>\n\n\n\n<p>Los fieles tendr\u00e1n la oportunidad de despedir al l\u00edder de la Iglesia Cat\u00f3lica en la majestuosa Bas\u00edlica de San Pedro. Tras la ceremonia de inhumaci\u00f3n, se iniciar\u00e1n las denominadas &#8220;Novendiales&#8221;, nueve d\u00edas consecutivos de misas de difuntos ofrecidas en su memoria, comenzando con la liturgia del propio funeral. Paralelamente a este per\u00edodo de recogimiento y oraci\u00f3n, el Colegio Cardenalicio se reunir\u00e1 para deliberar y establecer la fecha de inicio del c\u00f3nclave, el proceso can\u00f3nico destinado a la elecci\u00f3n del sucesor de Francisco.<\/p>\n\n\n\n<p>La ceremonia f\u00fanebre culminar\u00e1 con la emotiva Ultima commendatio y la Valedictio, los ritos finales de despedida. Acto seguido, el f\u00e9retro del Papa ser\u00e1 trasladado solemnemente a la Bas\u00edlica de San Pedro y, posteriormente, a su destino final en la Bas\u00edlica de Santa Mar\u00eda la Mayor para su sepultura. Se espera la asistencia de numerosos jefes de Estado y de Gobierno de diversas naciones, quienes rendir\u00e1n homenaje al legado de Francisco en este significativo acto.<\/p>\n","protected":false},"excerpt":{"rendered":"<p>El \u00faltimo adi\u00f3s al Papa Francisco se caracterizar\u00e1 por la austeridad, en cumplimiento de las directrices establecidas en el \u201cOrdo Exsequiarum Romani Pontificis\u201d, el documento que rige el rito f\u00fanebre de un Pont\u00edfice, y que el propio Jorge Bergoglio modific\u00f3 en noviembre del a\u00f1o pasado. En un gesto de sencillez, el Santo Padre dispuso que su cuerpo repose en un ata\u00fad simple, en contraposici\u00f3n al tradicional f\u00e9retro elaborado con tres&hellip;<\/p>\n","protected":false},"author":6,"featured_media":39074,"comment_status":"open","ping_status":"open","sticky":false,"template":"","format":"standard","meta":{"_acf_changed":false,"footnotes":""},"categories":[13],"tags":[],"class_list":["post-39073","post","type-post","status-publish","format-standard","has-post-thumbnail","hentry","category-sociedad"],"acf":[],"aioseo_notices":[],"_links":{"self":[{"href":"https:\/\/larealidaddelaplata.com.ar\/index.php\/wp-json\/wp\/v2\/posts\/39073"}],"collection":[{"href":"https:\/\/larealidaddelaplata.com.ar\/index.php\/wp-json\/wp\/v2\/posts"}],"about":[{"href":"https:\/\/larealidaddelaplata.com.ar\/index.php\/wp-json\/wp\/v2\/types\/post"}],"author":[{"embeddable":true,"href":"https:\/\/larealidaddelaplata.com.ar\/index.php\/wp-json\/wp\/v2\/users\/6"}],"replies":[{"embeddable":true,"href":"https:\/\/larealidaddelaplata.com.ar\/index.php\/wp-json\/wp\/v2\/comments?post=39073"}],"version-history":[{"count":1,"href":"https:\/\/larealidaddelaplata.com.ar\/index.php\/wp-json\/wp\/v2\/posts\/39073\/revisions"}],"predecessor-version":[{"id":39075,"href":"https:\/\/larealidaddelaplata.com.ar\/index.php\/wp-json\/wp\/v2\/posts\/39073\/revisions\/39075"}],"wp:featuredmedia":[{"embeddable":true,"href":"https:\/\/larealidaddelaplata.com.ar\/index.php\/wp-json\/wp\/v2\/media\/39074"}],"wp:attachment":[{"href":"https:\/\/larealidaddelaplata.com.ar\/index.php\/wp-json\/wp\/v2\/media?parent=39073"}],"wp:term":[{"taxonomy":"category","embeddable":true,"href":"https:\/\/larealidaddelaplata.com.ar\/index.php\/wp-json\/wp\/v2\/categories?post=39073"},{"taxonomy":"post_tag","embeddable":true,"href":"https:\/\/larealidaddelaplata.com.ar\/index.php\/wp-json\/wp\/v2\/tags?post=39073"}],"curies":[{"name":"wp","href":"https:\/\/api.w.org\/{rel}","templated":true}]}}