{"id":39076,"date":"2025-04-22T10:47:22","date_gmt":"2025-04-22T13:47:22","guid":{"rendered":"https:\/\/larealidaddelaplata.com.ar\/?p=39076"},"modified":"2025-04-22T10:47:26","modified_gmt":"2025-04-22T13:47:26","slug":"bajada-en-520-terminaron-las-obras-y-sera-inagurada","status":"publish","type":"post","link":"https:\/\/larealidaddelaplata.com.ar\/index.php\/2025\/04\/22\/bajada-en-520-terminaron-las-obras-y-sera-inagurada\/","title":{"rendered":"Bajada en 520: terminaron las obras y ser\u00e1 inagurada"},"content":{"rendered":"\n<p>Tras varias semanas de intensos trabajos, marcados por algunas demoras ocasionadas por las condiciones clim\u00e1ticas, este martes se concretar\u00e1 la inauguraci\u00f3n oficial de la nueva bajada de la Autopista La Plata-Buenos Aires en la estrat\u00e9gica Avenida 520. Esta obra, largamente esperada por los habitantes y trabajadores de la regi\u00f3n, se presenta como una soluci\u00f3n clave para optimizar el ingreso vehicular a la ciudad de La Plata.<\/p>\n\n\n\n<p>La ceremonia de apertura est\u00e1 programada para las 10 de la ma\u00f1ana en la intersecci\u00f3n de la Avenida 520 y la calle 118, en la localidad de Tolosa. El evento contar\u00e1 con la presencia de destacadas autoridades de Aubasa, el organismo vial provincial, as\u00ed como representantes del Ministerio de Infraestructura y Servicios P\u00fablicos bonaerense y funcionarios del gobierno de la provincia. Se subraya la importancia de esta obra, considerada estrat\u00e9gica tanto para los automovilistas particulares como para el flujo constante de tr\u00e1nsito pesado que abastece al vital Mercado Regional de La Plata.<\/p>\n\n\n\n<p>Esta flamante conexi\u00f3n vial tiene como objetivo principal descongestionar los accesos existentes a la ciudad, mejorando significativamente la circulaci\u00f3n en una zona que hist\u00f3ricamente ha experimentado alta densidad de tr\u00e1fico. Adem\u00e1s, se espera que la nueva bajada sirva para optimizar la conexi\u00f3n con el oeste del Partido de La Plata, el importante cord\u00f3n frutihort\u00edcola de la regi\u00f3n y los diversos sectores productivos aleda\u00f1os, impulsando as\u00ed la log\u00edstica y la actividad econ\u00f3mica local.<\/p>\n\n\n\n<p>Las obras de esta nueva bajada forman parte de un proyecto de mayor envergadura que abarca la repavimentaci\u00f3n integral de la traza de la Autopista La Plata-Buenos Aires entre las localidades de Hudson y La Plata, en ambos sentidos de circulaci\u00f3n. Estas tareas de repavimentaci\u00f3n se iniciaron en el mes de marzo y se llevaron a cabo principalmente durante el horario nocturno, entre las 21 y las 6, con el fin de minimizar la afectaci\u00f3n al tr\u00e1nsito diurno habitual.<\/p>\n\n\n\n<p>Si bien la inauguraci\u00f3n de la nueva bajada estaba inicialmente prevista para el mes de marzo, las persistentes lluvias que azotaron la regi\u00f3n obligaron a las autoridades a reprogramar la apertura para este martes. Ahora, con la totalidad de los trabajos finalizados, se aguarda con expectativa la habilitaci\u00f3n formal de este nuevo acceso para los veh\u00edculos provenientes desde la Ciudad Aut\u00f3noma de Buenos Aires.<\/p>\n\n\n\n<p>En la semana previa a la inauguraci\u00f3n, Aubasa difundi\u00f3 un video ilustrativo que mostraba el aspecto nocturno de la flamante bajada, ya equipada con un moderno y eficiente sistema de iluminaci\u00f3n LED. Las im\u00e1genes permitieron apreciar el avance significativo de una obra que promete agilizar de manera considerable el ingreso a la capital provincial a trav\u00e9s de la Avenida 520.<\/p>\n\n\n\n<p>Adicionalmente al moderno sistema de iluminaci\u00f3n LED, los trabajos de construcci\u00f3n de la nueva bajada incluyeron la estrat\u00e9gica colocaci\u00f3n de pasarelas peatonales, rampas de acceso, rejas de seguridad perimetral, nuevas columnas de alumbrado y la adecuaci\u00f3n de los accesos para peatones, lo que se traduce en una mejora sustancial en la seguridad y comodidad para todos aquellos que transitan habitualmente por la zona.<\/p>\n\n\n\n<p>Con la nueva bajada finalmente lista para su puesta en funcionamiento, la expectativa es palpable entre los vecinos de la zona y los numerosos trabajadores del Mercado Regional, quienes ven en esta obra una soluci\u00f3n concreta a los persistentes problemas de congesti\u00f3n vehicular y un impulso significativo para la log\u00edstica y la vital actividad productiva de toda la regi\u00f3n.<\/p>\n","protected":false},"excerpt":{"rendered":"<p>Tras varias semanas de intensos trabajos, marcados por algunas demoras ocasionadas por las condiciones clim\u00e1ticas, este martes se concretar\u00e1 la inauguraci\u00f3n oficial de la nueva bajada de la Autopista La Plata-Buenos Aires en la estrat\u00e9gica Avenida 520. Esta obra, largamente esperada por los habitantes y trabajadores de la regi\u00f3n, se presenta como una soluci\u00f3n clave para optimizar el ingreso vehicular a la ciudad de La Plata. La ceremonia de apertura&hellip;<\/p>\n","protected":false},"author":6,"featured_media":39077,"comment_status":"open","ping_status":"open","sticky":false,"template":"","format":"standard","meta":{"_acf_changed":false,"footnotes":""},"categories":[13],"tags":[],"class_list":["post-39076","post","type-post","status-publish","format-standard","has-post-thumbnail","hentry","category-sociedad"],"acf":[],"aioseo_notices":[],"_links":{"self":[{"href":"https:\/\/larealidaddelaplata.com.ar\/index.php\/wp-json\/wp\/v2\/posts\/39076"}],"collection":[{"href":"https:\/\/larealidaddelaplata.com.ar\/index.php\/wp-json\/wp\/v2\/posts"}],"about":[{"href":"https:\/\/larealidaddelaplata.com.ar\/index.php\/wp-json\/wp\/v2\/types\/post"}],"author":[{"embeddable":true,"href":"https:\/\/larealidaddelaplata.com.ar\/index.php\/wp-json\/wp\/v2\/users\/6"}],"replies":[{"embeddable":true,"href":"https:\/\/larealidaddelaplata.com.ar\/index.php\/wp-json\/wp\/v2\/comments?post=39076"}],"version-history":[{"count":1,"href":"https:\/\/larealidaddelaplata.com.ar\/index.php\/wp-json\/wp\/v2\/posts\/39076\/revisions"}],"predecessor-version":[{"id":39078,"href":"https:\/\/larealidaddelaplata.com.ar\/index.php\/wp-json\/wp\/v2\/posts\/39076\/revisions\/39078"}],"wp:featuredmedia":[{"embeddable":true,"href":"https:\/\/larealidaddelaplata.com.ar\/index.php\/wp-json\/wp\/v2\/media\/39077"}],"wp:attachment":[{"href":"https:\/\/larealidaddelaplata.com.ar\/index.php\/wp-json\/wp\/v2\/media?parent=39076"}],"wp:term":[{"taxonomy":"category","embeddable":true,"href":"https:\/\/larealidaddelaplata.com.ar\/index.php\/wp-json\/wp\/v2\/categories?post=39076"},{"taxonomy":"post_tag","embeddable":true,"href":"https:\/\/larealidaddelaplata.com.ar\/index.php\/wp-json\/wp\/v2\/tags?post=39076"}],"curies":[{"name":"wp","href":"https:\/\/api.w.org\/{rel}","templated":true}]}}