{"id":39080,"date":"2025-04-22T19:45:09","date_gmt":"2025-04-22T22:45:09","guid":{"rendered":"https:\/\/larealidaddelaplata.com.ar\/?p=39080"},"modified":"2025-04-22T20:56:20","modified_gmt":"2025-04-22T23:56:20","slug":"inauguraron-las-obras-en-la-autopista-la-plata-buenos-aires-y-ya-se-puede-usar-la-bajada-de-520","status":"publish","type":"post","link":"https:\/\/larealidaddelaplata.com.ar\/index.php\/2025\/04\/22\/inauguraron-las-obras-en-la-autopista-la-plata-buenos-aires-y-ya-se-puede-usar-la-bajada-de-520\/","title":{"rendered":"Inauguraron las obras en la Autopista La Plata-Buenos Aires y ya se puede usar la bajada de 520"},"content":{"rendered":"\n<p>La nueva bajada de la\u00a0<strong>Autopista La Plata-Buenos Aires<\/strong>\u00a0en la\u00a0<strong>avenida 520<\/strong>\u00a0fue inaugurada este martes con la presencia del gobernador\u00a0<strong>Axel Kicillof<\/strong>, el intendente<strong>\u00a0Julio Alak<\/strong>\u00a0y el presidente de\u00a0<strong>Autopistas de Buenos Aires S.A. (AUBASA)<\/strong>,\u00a0<strong>Jos\u00e9 Arteaga<\/strong>. De este modo,\u00a0la tan esperada obra finaliz\u00f3 y el tr\u00e1nsito comenz\u00f3 a circular en la zona.<\/p>\n\n\n\n<p>En medio del acto el titular de la firma estatal valor\u00f3 &#8220;la decisi\u00f3n de la Provincia y de las intendencias de la regi\u00f3n capital, de continuar las obras -que no es poco- y terminarlas&#8221;. Asimismo,&nbsp;destac\u00f3 &#8220;la visi\u00f3n integral de articulaci\u00f3n con el mundo del trabajo, el mercado regional y el polo furtihort\u00edcola de la regi\u00f3n Este de La Plata&#8221;.<\/p>\n\n\n\n<p>En di\u00e1logo con&nbsp;<strong><em>Radio Provincia<\/em><\/strong>, el exconcejal platense y exdirector de la&nbsp;<strong>Comisi\u00f3n Nacional de Regulaci\u00f3n del Transporte (CNRT)<\/strong>&nbsp;explic\u00f3 que la iniciativa permitir\u00e1 &#8220;descomprimir la llegada (del transporte pesado) a la diagonal 74, que era la \u00fanica v\u00eda de llegada a Berisso, Ensenada y La Plata&#8221;.&nbsp;La bajada forma parte de un proyecto mayor que incluye la repavimentaci\u00f3n completa del tramo entre&nbsp;<strong>Hudson&nbsp;<\/strong>y La Plata en ambos sentidos.<\/p>\n\n\n\n<p>Las tareas comenzaron a ejecutarse en marzo y se realizaron en horario nocturno, entre las 21 y las 6, para no afectar el tr\u00e1nsito diurno. El nuevo acceso permitir\u00e1 ahora una mejor conexi\u00f3n con&nbsp;<strong>Tolosa<\/strong>, el cord\u00f3n frutihort\u00edcola y facilitar\u00e1 el ingreso de camiones al&nbsp;<strong>Mercado Regional<\/strong>, descongestionando los ingresos actuales y mejorando la circulaci\u00f3n en esa zona clave de la ciudad.<\/p>\n","protected":false},"excerpt":{"rendered":"<p>La nueva bajada de la\u00a0Autopista La Plata-Buenos Aires\u00a0en la\u00a0avenida 520\u00a0fue inaugurada este martes con la presencia del gobernador\u00a0Axel Kicillof, el intendente\u00a0Julio Alak\u00a0y el presidente de\u00a0Autopistas de Buenos Aires S.A. (AUBASA),\u00a0Jos\u00e9 Arteaga. De este modo,\u00a0la tan esperada obra finaliz\u00f3 y el tr\u00e1nsito comenz\u00f3 a circular en la zona. En medio del acto el titular de la firma estatal valor\u00f3 &#8220;la decisi\u00f3n de la Provincia y de las intendencias de la regi\u00f3n&hellip;<\/p>\n","protected":false},"author":3,"featured_media":39083,"comment_status":"open","ping_status":"open","sticky":false,"template":"","format":"standard","meta":{"_acf_changed":false,"footnotes":""},"categories":[2],"tags":[],"class_list":["post-39080","post","type-post","status-publish","format-standard","has-post-thumbnail","hentry","category-provincia"],"acf":[],"aioseo_notices":[],"_links":{"self":[{"href":"https:\/\/larealidaddelaplata.com.ar\/index.php\/wp-json\/wp\/v2\/posts\/39080"}],"collection":[{"href":"https:\/\/larealidaddelaplata.com.ar\/index.php\/wp-json\/wp\/v2\/posts"}],"about":[{"href":"https:\/\/larealidaddelaplata.com.ar\/index.php\/wp-json\/wp\/v2\/types\/post"}],"author":[{"embeddable":true,"href":"https:\/\/larealidaddelaplata.com.ar\/index.php\/wp-json\/wp\/v2\/users\/3"}],"replies":[{"embeddable":true,"href":"https:\/\/larealidaddelaplata.com.ar\/index.php\/wp-json\/wp\/v2\/comments?post=39080"}],"version-history":[{"count":1,"href":"https:\/\/larealidaddelaplata.com.ar\/index.php\/wp-json\/wp\/v2\/posts\/39080\/revisions"}],"predecessor-version":[{"id":39084,"href":"https:\/\/larealidaddelaplata.com.ar\/index.php\/wp-json\/wp\/v2\/posts\/39080\/revisions\/39084"}],"wp:featuredmedia":[{"embeddable":true,"href":"https:\/\/larealidaddelaplata.com.ar\/index.php\/wp-json\/wp\/v2\/media\/39083"}],"wp:attachment":[{"href":"https:\/\/larealidaddelaplata.com.ar\/index.php\/wp-json\/wp\/v2\/media?parent=39080"}],"wp:term":[{"taxonomy":"category","embeddable":true,"href":"https:\/\/larealidaddelaplata.com.ar\/index.php\/wp-json\/wp\/v2\/categories?post=39080"},{"taxonomy":"post_tag","embeddable":true,"href":"https:\/\/larealidaddelaplata.com.ar\/index.php\/wp-json\/wp\/v2\/tags?post=39080"}],"curies":[{"name":"wp","href":"https:\/\/api.w.org\/{rel}","templated":true}]}}