{"id":39085,"date":"2025-04-23T09:20:40","date_gmt":"2025-04-23T12:20:40","guid":{"rendered":"https:\/\/larealidaddelaplata.com.ar\/?p=39085"},"modified":"2025-04-23T09:20:43","modified_gmt":"2025-04-23T12:20:43","slug":"estudiantes-recibe-a-botafogo-por-la-copa-libertadores-hora-tv-como-verlo-en-vivo-y-formaciones","status":"publish","type":"post","link":"https:\/\/larealidaddelaplata.com.ar\/index.php\/2025\/04\/23\/estudiantes-recibe-a-botafogo-por-la-copa-libertadores-hora-tv-como-verlo-en-vivo-y-formaciones\/","title":{"rendered":"Estudiantes recibe a Botafogo por la Copa Libertadores: hora, TV, c\u00f3mo verlo en vivo y formaciones"},"content":{"rendered":"\n<p>Este mi\u00e9rcoles desde las 21.30,\u00a0<strong>Estudiantes\u00a0<\/strong>recibe a\u00a0<strong>Botafogo\u00a0<\/strong>por la fecha 3 del\u00a0<strong>Grupo<\/strong>\u00a0<strong>A<\/strong>\u00a0de la\u00a0<strong>Copa Libertadores<\/strong>, un encuentro que tendr\u00e1 lugar en el<strong>\u00a0Estadio UNO<\/strong>. El\u00a0<strong>\u00e1rbitro<\/strong>\u00a0del partido ser\u00e1<strong>\u00a0Gustavo Tejera\u00a0<\/strong>mientras que en el\u00a0<strong>VAR<\/strong>\u00a0estar\u00e1\u00a0<strong>Antonio Garc\u00eda<\/strong>.<\/p>\n\n\n\n<p>El\u00a0<strong>Pincha<\/strong>\u00a0gan\u00f3 1 solo partido de los \u00faltimos 8, y viene de caer por Copa Libertadores, ante\u00a0<strong>Universidad<\/strong>\u00a0<strong>de<\/strong>\u00a0<strong>Chile<\/strong>\u00a0como local por 2 a 1. Por su parte,\u00a0el\u00a0<strong>Fog\u00e3o\u00a0<\/strong>atraviesa una situaci\u00f3n parecida, habiendo vencido a\u00a0<strong>Carabobo<\/strong>\u00a0por 2 a 0, su \u00fanico triunfo en las recientes 4 presentaciones.<\/p>\n\n\n\n<h2 class=\"wp-block-heading\">\u00bfC\u00f3mo llega Estudiantes?<\/h2>\n\n\n\n<p>A la hora de hablar del equipo de&nbsp;<strong>Eduardo<\/strong>&nbsp;<strong>Dom\u00ednguez<\/strong>, de momento, mantiene algunas dudas en cuanto a la conformaci\u00f3n de la alineaci\u00f3n, adem\u00e1s de contar con un regreso importante en la \u00faltima l\u00ednea como lo es&nbsp;<strong>Santiago N\u00fa\u00f1ez<\/strong>.<\/p>\n\n\n\n<p>Ocupar\u00e1 el lugar de&nbsp;<strong>Facundo<\/strong>&nbsp;<strong>Rodr\u00edguez<\/strong>&nbsp;para hacer dupla con&nbsp;<strong>Sebasti\u00e1n<\/strong>&nbsp;<strong>Boselli<\/strong>. Adem\u00e1s, en la mitad de la cancha se debe definir entre&nbsp;<strong>Cristian<\/strong>&nbsp;<strong>Medina<\/strong>&nbsp;o&nbsp;<strong>Jos\u00e9<\/strong>&nbsp;<strong>Sosa<\/strong>, y en el ataque,&nbsp;<strong>Edwin<\/strong>&nbsp;<strong>Cetr\u00e9<\/strong>&nbsp;o&nbsp;<strong>Facundo<\/strong>&nbsp;<strong>Far\u00edas<\/strong>.<\/p>\n\n\n\n<h2 class=\"wp-block-heading\">\u00bfC\u00f3mo llega Botafogo?<\/h2>\n\n\n\n<p>El entrenador&nbsp;<strong>Renato<\/strong>&nbsp;<strong>Paiva<\/strong>&nbsp;para un esquema de 4-5-1, sabiendo que lo m\u00e1s importante ser\u00e1 no dejar espacios entre l\u00edneas, y apostando a salir r\u00e1pido de contra, con&nbsp;<strong>Igor<\/strong>&nbsp;<strong>Jes\u00fas<\/strong>&nbsp;como referencia de ataque.<\/p>\n\n\n\n<p>La mitad de la cancha tendr\u00e1 la presencia de cinco mediocampistas, donde buscar\u00e1 disputarle la pelota al Pincha con&nbsp;<strong>Gregore<\/strong>,&nbsp;<strong>Marlon<\/strong>&nbsp;<strong>Freitas<\/strong>,&nbsp;<strong>Artur<\/strong>,&nbsp;<strong>Jefferson<\/strong>&nbsp;<strong>Savarino<\/strong>&nbsp;y&nbsp;<strong>Matheus<\/strong>&nbsp;<strong>Martins<\/strong>.<\/p>\n\n\n\n<figure class=\"wp-block-image\"><img decoding=\"async\" src=\"https:\/\/media.0221.com.ar\/p\/8fcee05a8e27cc62ad86d357feafdeb7\/adjuntos\/357\/imagenes\/100\/208\/0100208641\/1400x0\/smart\/estudiantes-racing-montevideo-carrillo-festejojpg.jpg\" alt=\"Estudiantes conf\u00eda en Guido Carrillo.\" title=\"Estudiantes conf\u00eda en Guido Carrillo.\"\/><\/figure>\n\n\n\n<h2 class=\"wp-block-heading\">La probable formaci\u00f3n de Estudiantes<\/h2>\n\n\n\n<ul class=\"wp-block-list\">\n<li>Mat\u00edas Mansilla; Eric Meza, Santiago N\u00fa\u00f1ez, Sebasti\u00e1n Boselli y Santiago Arzamendia; Santiago Ascac\u00edbar, Gabriel Neves y Cristian Medina o Jos\u00e9 Sosa; Tiago Palacios, Guido Carrillo y Edwin Cetr\u00e9 o Facundo Far\u00edas.<\/li>\n<\/ul>\n\n\n\n<h2 class=\"wp-block-heading\">El probable equipo de Botafogo<\/h2>\n\n\n\n<ul class=\"wp-block-list\">\n<li>John; Vitinho, Jair Paula, David Ricardo, Cuiabano; Gregore, Marlon Freitas, Artur, Jefferson Savarino y Matheus Martins; Igor Jes\u00fas.<\/li>\n<\/ul>\n\n\n\n<h2 class=\"wp-block-heading\">Estudiantes vs. Botafogo: C\u00f3mo ver en vivo y datos del partido<\/h2>\n\n\n\n<ul class=\"wp-block-list\">\n<li>\u00c1rbitro: Gustavo Tejera (URU).<\/li>\n\n\n\n<li>VAR: Antonio Garc\u00eda (URU).<\/li>\n\n\n\n<li>Estadio: Jorge Luis Hirschi (UNO).<\/li>\n\n\n\n<li>Hora: 21.30.<\/li>\n\n\n\n<li>TV: Fox Sports.<\/li>\n<\/ul>\n","protected":false},"excerpt":{"rendered":"<p>Este mi\u00e9rcoles desde las 21.30,\u00a0Estudiantes\u00a0recibe a\u00a0Botafogo\u00a0por la fecha 3 del\u00a0Grupo\u00a0A\u00a0de la\u00a0Copa Libertadores, un encuentro que tendr\u00e1 lugar en el\u00a0Estadio UNO. El\u00a0\u00e1rbitro\u00a0del partido ser\u00e1\u00a0Gustavo Tejera\u00a0mientras que en el\u00a0VAR\u00a0estar\u00e1\u00a0Antonio Garc\u00eda. El\u00a0Pincha\u00a0gan\u00f3 1 solo partido de los \u00faltimos 8, y viene de caer por Copa Libertadores, ante\u00a0Universidad\u00a0de\u00a0Chile\u00a0como local por 2 a 1. Por su parte,\u00a0el\u00a0Fog\u00e3o\u00a0atraviesa una situaci\u00f3n parecida, habiendo vencido a\u00a0Carabobo\u00a0por 2 a 0, su \u00fanico triunfo en las recientes 4 presentaciones. \u00bfC\u00f3mo&hellip;<\/p>\n","protected":false},"author":3,"featured_media":37830,"comment_status":"open","ping_status":"open","sticky":false,"template":"","format":"standard","meta":{"_acf_changed":false,"footnotes":""},"categories":[2],"tags":[],"class_list":["post-39085","post","type-post","status-publish","format-standard","has-post-thumbnail","hentry","category-provincia"],"acf":[],"aioseo_notices":[],"_links":{"self":[{"href":"https:\/\/larealidaddelaplata.com.ar\/index.php\/wp-json\/wp\/v2\/posts\/39085"}],"collection":[{"href":"https:\/\/larealidaddelaplata.com.ar\/index.php\/wp-json\/wp\/v2\/posts"}],"about":[{"href":"https:\/\/larealidaddelaplata.com.ar\/index.php\/wp-json\/wp\/v2\/types\/post"}],"author":[{"embeddable":true,"href":"https:\/\/larealidaddelaplata.com.ar\/index.php\/wp-json\/wp\/v2\/users\/3"}],"replies":[{"embeddable":true,"href":"https:\/\/larealidaddelaplata.com.ar\/index.php\/wp-json\/wp\/v2\/comments?post=39085"}],"version-history":[{"count":1,"href":"https:\/\/larealidaddelaplata.com.ar\/index.php\/wp-json\/wp\/v2\/posts\/39085\/revisions"}],"predecessor-version":[{"id":39086,"href":"https:\/\/larealidaddelaplata.com.ar\/index.php\/wp-json\/wp\/v2\/posts\/39085\/revisions\/39086"}],"wp:featuredmedia":[{"embeddable":true,"href":"https:\/\/larealidaddelaplata.com.ar\/index.php\/wp-json\/wp\/v2\/media\/37830"}],"wp:attachment":[{"href":"https:\/\/larealidaddelaplata.com.ar\/index.php\/wp-json\/wp\/v2\/media?parent=39085"}],"wp:term":[{"taxonomy":"category","embeddable":true,"href":"https:\/\/larealidaddelaplata.com.ar\/index.php\/wp-json\/wp\/v2\/categories?post=39085"},{"taxonomy":"post_tag","embeddable":true,"href":"https:\/\/larealidaddelaplata.com.ar\/index.php\/wp-json\/wp\/v2\/tags?post=39085"}],"curies":[{"name":"wp","href":"https:\/\/api.w.org\/{rel}","templated":true}]}}