{"id":39113,"date":"2025-04-26T15:36:24","date_gmt":"2025-04-26T18:36:24","guid":{"rendered":"https:\/\/larealidaddelaplata.com.ar\/?p=39113"},"modified":"2025-04-26T15:36:29","modified_gmt":"2025-04-26T18:36:29","slug":"hubo-una-misa-especial-en-la-catedral-de-la-plata-para-despedir-al-papa-francisco","status":"publish","type":"post","link":"https:\/\/larealidaddelaplata.com.ar\/index.php\/2025\/04\/26\/hubo-una-misa-especial-en-la-catedral-de-la-plata-para-despedir-al-papa-francisco\/","title":{"rendered":"Hubo una misa especial en la Catedral de La Plata para despedir al Papa Francisco"},"content":{"rendered":"\n<p>Miles de fieles colmaron el lunes por la tarde la Catedral de nuestra ciudad para honrar la memoria del Papa Francisco y participar de la Misa, convocada por el Arzobispado, durante la que se vivieron momentos de profunda tristeza y dolor.<\/p>\n\n\n\n<p>La emotiva ceremonia religiosa, celebrada por el arzobispo de La Plata y Gran Canciller de la UCALP, monse\u00f1or Gustavo Carrara, cont\u00f3 con la participaci\u00f3n de autoridades del Rectorado, decanos, docentes e integrantes de la comunidad educativa de nuestra casa de altos estudios; del gobernador Axel Kicillof; el intendente de La Plata, Julio Alak; vecinos y representantes de distintas instituciones y de los m\u00e1s variados \u00e1mbitos sociales de la regi\u00f3n.<\/p>\n\n\n\n<p>\u201cTengo que confesarles que estoy un poco conmocionado y hoy hablar\u00e9 desde el coraz\u00f3n\u201d, mencion\u00f3 monse\u00f1or Carrara en el inicio de su homil\u00eda y agreg\u00f3: \u201cNos cuesta todav\u00eda dimensionarlo, pero a m\u00ed me gusta decir que Francisco es un regalo del Esp\u00edritu Santo, que nos ayud\u00f3 a vivir el Evangelio de Jes\u00fas para la Iglesia de hoy y para el mundo de hoy\u201d.<\/p>\n\n\n\n<p>Adem\u00e1s, invit\u00f3 a cuidar el legado que nos dej\u00f3 en esta tierra: \u201cSi hay algo que nos ense\u00f1\u00f3 es mucha ternura con los fr\u00e1giles, mucha misericordia con los que est\u00e1n rotos en la vida, pero tambi\u00e9n firmeza con aquellos que se abusan o quieren aplastar a los m\u00e1s fr\u00e1giles\u201d.<\/p>\n\n\n\n<p>\u201cQueremos darle gracias a Dios por el don de la vida de Francisco, sabiendo que nos vamos a encontrar con \u00e9l, que no es alguien del pasado de nuestra historia, sino que nos vamos a encontrar con \u00e9l en la vida feliz del Cielo\u201d.<\/p>\n\n\n\n<p>Al concluir la misa, mientras comenzaba a retirarse el arzobispo y la curia platense, se escuch\u00f3 de un fiel el grito \u201c\u00a1Viva Francisco!\u201d. Inmediatamente, toda la Catedral se fundi\u00f3 en un estruendoso aplauso, que dur\u00f3 varios minutos, para darle el \u00faltimo adi\u00f3s al primer Papa argentino.<\/p>\n","protected":false},"excerpt":{"rendered":"<p>Miles de fieles colmaron el lunes por la tarde la Catedral de nuestra ciudad para honrar la memoria del Papa Francisco y participar de la Misa, convocada por el Arzobispado, durante la que se vivieron momentos de profunda tristeza y dolor. La emotiva ceremonia religiosa, celebrada por el arzobispo de La Plata y Gran Canciller de la UCALP, monse\u00f1or Gustavo Carrara, cont\u00f3 con la participaci\u00f3n de autoridades del Rectorado, decanos,&hellip;<\/p>\n","protected":false},"author":2,"featured_media":39114,"comment_status":"open","ping_status":"open","sticky":false,"template":"","format":"standard","meta":{"_acf_changed":false,"footnotes":""},"categories":[13],"tags":[619],"class_list":["post-39113","post","type-post","status-publish","format-standard","has-post-thumbnail","hentry","category-sociedad","tag-papa-francisco"],"acf":[],"aioseo_notices":[],"_links":{"self":[{"href":"https:\/\/larealidaddelaplata.com.ar\/index.php\/wp-json\/wp\/v2\/posts\/39113"}],"collection":[{"href":"https:\/\/larealidaddelaplata.com.ar\/index.php\/wp-json\/wp\/v2\/posts"}],"about":[{"href":"https:\/\/larealidaddelaplata.com.ar\/index.php\/wp-json\/wp\/v2\/types\/post"}],"author":[{"embeddable":true,"href":"https:\/\/larealidaddelaplata.com.ar\/index.php\/wp-json\/wp\/v2\/users\/2"}],"replies":[{"embeddable":true,"href":"https:\/\/larealidaddelaplata.com.ar\/index.php\/wp-json\/wp\/v2\/comments?post=39113"}],"version-history":[{"count":1,"href":"https:\/\/larealidaddelaplata.com.ar\/index.php\/wp-json\/wp\/v2\/posts\/39113\/revisions"}],"predecessor-version":[{"id":39115,"href":"https:\/\/larealidaddelaplata.com.ar\/index.php\/wp-json\/wp\/v2\/posts\/39113\/revisions\/39115"}],"wp:featuredmedia":[{"embeddable":true,"href":"https:\/\/larealidaddelaplata.com.ar\/index.php\/wp-json\/wp\/v2\/media\/39114"}],"wp:attachment":[{"href":"https:\/\/larealidaddelaplata.com.ar\/index.php\/wp-json\/wp\/v2\/media?parent=39113"}],"wp:term":[{"taxonomy":"category","embeddable":true,"href":"https:\/\/larealidaddelaplata.com.ar\/index.php\/wp-json\/wp\/v2\/categories?post=39113"},{"taxonomy":"post_tag","embeddable":true,"href":"https:\/\/larealidaddelaplata.com.ar\/index.php\/wp-json\/wp\/v2\/tags?post=39113"}],"curies":[{"name":"wp","href":"https:\/\/api.w.org\/{rel}","templated":true}]}}