{"id":39859,"date":"2025-07-08T13:09:52","date_gmt":"2025-07-08T16:09:52","guid":{"rendered":"https:\/\/larealidaddelaplata.com.ar\/?p=39859"},"modified":"2025-07-08T13:09:55","modified_gmt":"2025-07-08T16:09:55","slug":"estudiantes-va-en-busca-de-otra-estrella-contra-velez-se-juega-la-supercopa-internacional","status":"publish","type":"post","link":"https:\/\/larealidaddelaplata.com.ar\/index.php\/2025\/07\/08\/estudiantes-va-en-busca-de-otra-estrella-contra-velez-se-juega-la-supercopa-internacional\/","title":{"rendered":"Estudiantes va en busca de otra estrella contra V\u00e9lez: se juega la Supercopa Internacional"},"content":{"rendered":"\n<p>Este martes, a las 20.30,<strong>\u00a0Estudiantes<\/strong>\u00a0juega ante\u00a0<strong>V\u00e9lez<\/strong>\u00a0por la final de la\u00a0<strong>Supercopa Internacional<\/strong>\u00a0en el\u00a0<strong>Estadio Libertadores de Am\u00e9rica &#8211; Ricardo Enrique Bochini<\/strong>. El \u00e1rbitro del partido ser\u00e1<strong>\u00a0Dar\u00edo Herrera<\/strong>\u00a0mientras que en el\u00a0<strong>VAR<\/strong>\u00a0estar\u00e1\u00a0<strong>Lucas Novelli<\/strong>.<\/p>\n\n\n\n<p>El&nbsp;<strong>Pincha&nbsp;<\/strong>lleg\u00f3 a su quinta final con el actual cuerpo t\u00e9cnico. Tras conseguir el&nbsp;<strong>Trofeo de Campeones<\/strong>, tambi\u00e9n ante el&nbsp;<strong>Fort\u00edn<\/strong>, se gan\u00f3 un lugar en el duelo de este martes. Por el lado del equipo que dirige&nbsp;<strong>Gustavo Barros Schelotto<\/strong>, jugar\u00e1 dicho partido por ser el club que m\u00e1s puntos sum\u00f3 a lo largo del 2024.<\/p>\n\n\n\n<h2 class=\"wp-block-heading\">\u00bfC\u00f3mo llega Estudiantes?<\/h2>\n\n\n\n<p>Tras dos semanas de pretemporada, donde&nbsp;<strong>Eduardo Dom\u00ednguez<\/strong>&nbsp;planific\u00f3 varias jornadas de doble turno donde no solo se enfoc\u00f3 en recuperar la mejor versi\u00f3n de un plantel que ven\u00eda de capa ca\u00edda, sino tambi\u00e9n pulir cuestiones f\u00edsicas y futbol\u00edsticas. El \u00fanico refuerzo con el que contar\u00e1 para la final es&nbsp;<strong>Fernando Muslera<\/strong><\/p>\n\n\n\n<p>En cuanto al equipo, hay dos dudas con las que el cuerpo t\u00e9cnico trabaj\u00f3 durante todo el periodo. En el mediocampo,&nbsp;<strong>Ezequiel Piovi&nbsp;<\/strong>y&nbsp;<strong>Gabriel Neves&nbsp;<\/strong>est\u00e1n palmo a palmo por un lugar para compartir cancha con&nbsp;<strong>Cristian Medina<\/strong>&nbsp;y&nbsp;<strong>Santiago Ascac\u00edbar<\/strong>. Asimismo,&nbsp;<strong>Edwuin Cetr\u00e9<\/strong>&nbsp;y&nbsp;<strong>Facundo Far\u00edas<\/strong>&nbsp;marcan la segunda interrogante del 11 inicial.<\/p>\n\n\n\n<figure class=\"wp-block-image\"><img decoding=\"async\" src=\"https:\/\/media.0221.com.ar\/p\/ef912c9677cfbee4e90082b7a27b280a\/adjuntos\/357\/imagenes\/100\/234\/0100234922\/1400x0\/smart\/muslera-estudiantes-entrenamiento-1png.png\" alt=\"Fernando Muslera con chances de debutar en Estudiantes\" title=\"Fernando Muslera con chances de debutar en Estudiantes\"\/><\/figure>\n\n\n\n<h2 class=\"wp-block-heading\">\u00bfC\u00f3mo llega V\u00e9lez?<\/h2>\n\n\n\n<p>Como suele ocurrir en cada periodo de inactividad de los clubes, el Fort\u00edn recibi\u00f3 a&nbsp;<strong>Argentinos Juniors<\/strong>&nbsp;en el&nbsp;<strong>Estadio Jos\u00e9 Amalfitani<\/strong>&nbsp;y jug\u00f3 ante&nbsp;<strong>Defensa y Justicia<\/strong>, en la antesala al cruce con el Pincha en la final.<\/p>\n\n\n\n<p>Si bien fue en ambos casos con equipos mezclados, el equipo de Liniers sac\u00f3 conclusiones con respecto a la formaci\u00f3n que utilizar\u00e1 ante el Pincha en Avellaneda. A priori, se meter\u00eda uno de los refuerzos,&nbsp;<strong>Lisandro Magall\u00e1n<\/strong>, como primer marcador central. Por las ventas de&nbsp;<strong>\u00c1lvaro Montoro<\/strong>&nbsp;y&nbsp;<strong>Christian Ord\u00f3\u00f1ez<\/strong>, se meter\u00edan&nbsp;<strong>Kevin V\u00e1squez<\/strong>&nbsp;y&nbsp;<strong>Mat\u00edas Pellegrini&nbsp;<\/strong>en cancha.<\/p>\n\n\n\n<figure class=\"wp-block-image\"><img decoding=\"async\" src=\"https:\/\/media.0221.com.ar\/p\/3c6a759ef555da77762911a124dabe52\/adjuntos\/357\/imagenes\/100\/236\/0100236064\/1400x0\/smart\/guillermo-barros-schelotto-velezpng.png\" alt=\"Guillermo Barros Schelotto define el equipo para la Supercopa Internacional\" title=\"Guillermo Barros Schelotto define el equipo para la Supercopa Internacional\"\/><\/figure>\n\n\n\n<p>Guillermo Barros Schelotto define el equipo para la Supercopa Internacional<\/p>\n\n\n\n<h2 class=\"wp-block-heading\">La probable formaci\u00f3n de Estudiantes<\/h2>\n\n\n\n<ul class=\"wp-block-list\">\n<li>Fernando Muslera; Eric Meza, Santiago N\u00fa\u00f1ez, Facundo Rodr\u00edguez y Santiago Arzamendia; Santiago Ascac\u00edbar, Gabriel Neves o Ezequiel Piovi, Cristian Medina; Tiago Palacios, Guido Carrillo y Edwuin Cetr\u00e9 o Facundo Far\u00edas.<\/li>\n<\/ul>\n\n\n\n<h2 class=\"wp-block-heading\">El probable equipo de V\u00e9lez<\/h2>\n\n\n\n<ul class=\"wp-block-list\">\n<li>Tom\u00e1s Marchiori; Agust\u00edn Lagos, Lisandro Magall\u00e1n, Valent\u00edn G\u00f3mez y El\u00edas G\u00f3mez; Claudio Baeza, Kev\u00edn V\u00e1squez y Agust\u00edn Bouzat; Maher Carrizo, Braian Romero y Mat\u00edas Pellegrini.<\/li>\n<\/ul>\n\n\n\n<h2 class=\"wp-block-heading\">Estudiantes vs. V\u00e9lez: c\u00f3mo ver en vivo y datos del partido<\/h2>\n\n\n\n<ul class=\"wp-block-list\">\n<li>\u00c1rbitro: Dar\u00edo Herrera<\/li>\n\n\n\n<li>VAR: Lucas Novelli<\/li>\n\n\n\n<li>Estadio: Libertadores de Am\u00e9rica &#8211; Ricardo Enrique Bochini (Avellaneda)<\/li>\n\n\n\n<li>Hora: 20.30<\/li>\n\n\n\n<li>TV: Disney +<\/li>\n<\/ul>\n","protected":false},"excerpt":{"rendered":"<p>Este martes, a las 20.30,\u00a0Estudiantes\u00a0juega ante\u00a0V\u00e9lez\u00a0por la final de la\u00a0Supercopa Internacional\u00a0en el\u00a0Estadio Libertadores de Am\u00e9rica &#8211; Ricardo Enrique Bochini. El \u00e1rbitro del partido ser\u00e1\u00a0Dar\u00edo Herrera\u00a0mientras que en el\u00a0VAR\u00a0estar\u00e1\u00a0Lucas Novelli. El&nbsp;Pincha&nbsp;lleg\u00f3 a su quinta final con el actual cuerpo t\u00e9cnico. Tras conseguir el&nbsp;Trofeo de Campeones, tambi\u00e9n ante el&nbsp;Fort\u00edn, se gan\u00f3 un lugar en el duelo de este martes. Por el lado del equipo que dirige&nbsp;Gustavo Barros Schelotto, jugar\u00e1 dicho partido por&hellip;<\/p>\n","protected":false},"author":3,"featured_media":35136,"comment_status":"open","ping_status":"open","sticky":false,"template":"","format":"standard","meta":{"_acf_changed":false,"footnotes":""},"categories":[2],"tags":[],"class_list":["post-39859","post","type-post","status-publish","format-standard","has-post-thumbnail","hentry","category-provincia"],"acf":[],"aioseo_notices":[],"_links":{"self":[{"href":"https:\/\/larealidaddelaplata.com.ar\/index.php\/wp-json\/wp\/v2\/posts\/39859"}],"collection":[{"href":"https:\/\/larealidaddelaplata.com.ar\/index.php\/wp-json\/wp\/v2\/posts"}],"about":[{"href":"https:\/\/larealidaddelaplata.com.ar\/index.php\/wp-json\/wp\/v2\/types\/post"}],"author":[{"embeddable":true,"href":"https:\/\/larealidaddelaplata.com.ar\/index.php\/wp-json\/wp\/v2\/users\/3"}],"replies":[{"embeddable":true,"href":"https:\/\/larealidaddelaplata.com.ar\/index.php\/wp-json\/wp\/v2\/comments?post=39859"}],"version-history":[{"count":1,"href":"https:\/\/larealidaddelaplata.com.ar\/index.php\/wp-json\/wp\/v2\/posts\/39859\/revisions"}],"predecessor-version":[{"id":39860,"href":"https:\/\/larealidaddelaplata.com.ar\/index.php\/wp-json\/wp\/v2\/posts\/39859\/revisions\/39860"}],"wp:featuredmedia":[{"embeddable":true,"href":"https:\/\/larealidaddelaplata.com.ar\/index.php\/wp-json\/wp\/v2\/media\/35136"}],"wp:attachment":[{"href":"https:\/\/larealidaddelaplata.com.ar\/index.php\/wp-json\/wp\/v2\/media?parent=39859"}],"wp:term":[{"taxonomy":"category","embeddable":true,"href":"https:\/\/larealidaddelaplata.com.ar\/index.php\/wp-json\/wp\/v2\/categories?post=39859"},{"taxonomy":"post_tag","embeddable":true,"href":"https:\/\/larealidaddelaplata.com.ar\/index.php\/wp-json\/wp\/v2\/tags?post=39859"}],"curies":[{"name":"wp","href":"https:\/\/api.w.org\/{rel}","templated":true}]}}