{"id":39861,"date":"2025-07-08T13:13:32","date_gmt":"2025-07-08T16:13:32","guid":{"rendered":"https:\/\/larealidaddelaplata.com.ar\/?p=39861"},"modified":"2025-07-08T13:13:36","modified_gmt":"2025-07-08T16:13:36","slug":"con-ollas-populares-en-cinco-puntos-de-la-plata-universitarios-protestan-contra-el-recorte-presupuestario","status":"publish","type":"post","link":"https:\/\/larealidaddelaplata.com.ar\/index.php\/2025\/07\/08\/con-ollas-populares-en-cinco-puntos-de-la-plata-universitarios-protestan-contra-el-recorte-presupuestario\/","title":{"rendered":"Con ollas populares en cinco puntos de La Plata, universitarios protestan contra el recorte presupuestario"},"content":{"rendered":"\n<p>Este martes se realizar\u00e1 una jornada de protesta convocada por el<strong>\u00a0Frente Gremial de la Universidad Nacional de\u00a0La Plata\u00a0(UNLP)<\/strong>\u00a0bajo la consigna\u00a0\u201cContra el vaciamiento. Ley de Financiamiento\u201d. La acci\u00f3n central ser\u00e1 la instalaci\u00f3n de<strong>\u00a0ollas populares<\/strong>\u00a0en cinco esquinas de la ciudad.<\/p>\n\n\n\n<p>Las actividades se desarrollar\u00e1n entre las 11 y las 14 en los siguientes puntos:&nbsp;calle 1 y 47; 122 y 52; 60 y 119; 7 entre 47 y 48; y Diagonal 78 y Plaza Rocha.&nbsp;La medida busca visibilizar el rechazo a los recortes presupuestarios en el sistema universitario.<\/p>\n\n\n\n<p>La jornada es organizada por la<strong>\u00a0Asociaci\u00f3n de Docentes de la Universidad de La Plata (ADULP)<\/strong>, la\u00a0<strong>Asociaci\u00f3n de Trabajadores de la Universidad de La Plata (ATULP)<\/strong>\u00a0y la\u00a0<strong>Federaci\u00f3n Universitaria de La Plata (FULP)<\/strong>, que integran el Frente Gremial UNLP.<\/p>\n\n\n\n<figure class=\"wp-block-image\"><img decoding=\"async\" src=\"https:\/\/media.0221.com.ar\/p\/c5472f954ea18bd3cb2bad5224ee14cd\/adjuntos\/357\/imagenes\/100\/236\/0100236817\/1400x0\/smart\/frente-gremial-olla-popularjpeg.jpeg\" alt=\"Organizan ollas populares en La Plata contra los recortes al presupuesto universitario.\" title=\"Organizan ollas populares en La Plata contra los recortes al presupuesto universitario.\"\/><\/figure>\n\n\n\n<p>Organizan ollas populares en La Plata contra los recortes al presupuesto universitario.<\/p>\n\n\n\n<p>Las organizaciones convocantes\u00a0apuntan al Gobierno nacional por el ajuste en la educaci\u00f3n p\u00fablica\u00a0y reclaman el tratamiento de una nueva ley de financiamiento que garantice los recursos necesarios para el funcionamiento pleno de las universidades.<\/p>\n","protected":false},"excerpt":{"rendered":"<p>Este martes se realizar\u00e1 una jornada de protesta convocada por el\u00a0Frente Gremial de la Universidad Nacional de\u00a0La Plata\u00a0(UNLP)\u00a0bajo la consigna\u00a0\u201cContra el vaciamiento. Ley de Financiamiento\u201d. La acci\u00f3n central ser\u00e1 la instalaci\u00f3n de\u00a0ollas populares\u00a0en cinco esquinas de la ciudad. Las actividades se desarrollar\u00e1n entre las 11 y las 14 en los siguientes puntos:&nbsp;calle 1 y 47; 122 y 52; 60 y 119; 7 entre 47 y 48; y Diagonal 78 y&hellip;<\/p>\n","protected":false},"author":3,"featured_media":851,"comment_status":"open","ping_status":"open","sticky":false,"template":"","format":"standard","meta":{"_acf_changed":false,"footnotes":""},"categories":[2],"tags":[],"class_list":["post-39861","post","type-post","status-publish","format-standard","has-post-thumbnail","hentry","category-provincia"],"acf":[],"aioseo_notices":[],"_links":{"self":[{"href":"https:\/\/larealidaddelaplata.com.ar\/index.php\/wp-json\/wp\/v2\/posts\/39861"}],"collection":[{"href":"https:\/\/larealidaddelaplata.com.ar\/index.php\/wp-json\/wp\/v2\/posts"}],"about":[{"href":"https:\/\/larealidaddelaplata.com.ar\/index.php\/wp-json\/wp\/v2\/types\/post"}],"author":[{"embeddable":true,"href":"https:\/\/larealidaddelaplata.com.ar\/index.php\/wp-json\/wp\/v2\/users\/3"}],"replies":[{"embeddable":true,"href":"https:\/\/larealidaddelaplata.com.ar\/index.php\/wp-json\/wp\/v2\/comments?post=39861"}],"version-history":[{"count":1,"href":"https:\/\/larealidaddelaplata.com.ar\/index.php\/wp-json\/wp\/v2\/posts\/39861\/revisions"}],"predecessor-version":[{"id":39862,"href":"https:\/\/larealidaddelaplata.com.ar\/index.php\/wp-json\/wp\/v2\/posts\/39861\/revisions\/39862"}],"wp:featuredmedia":[{"embeddable":true,"href":"https:\/\/larealidaddelaplata.com.ar\/index.php\/wp-json\/wp\/v2\/media\/851"}],"wp:attachment":[{"href":"https:\/\/larealidaddelaplata.com.ar\/index.php\/wp-json\/wp\/v2\/media?parent=39861"}],"wp:term":[{"taxonomy":"category","embeddable":true,"href":"https:\/\/larealidaddelaplata.com.ar\/index.php\/wp-json\/wp\/v2\/categories?post=39861"},{"taxonomy":"post_tag","embeddable":true,"href":"https:\/\/larealidaddelaplata.com.ar\/index.php\/wp-json\/wp\/v2\/tags?post=39861"}],"curies":[{"name":"wp","href":"https:\/\/api.w.org\/{rel}","templated":true}]}}