{"id":40053,"date":"2025-07-26T17:11:32","date_gmt":"2025-07-26T20:11:32","guid":{"rendered":"https:\/\/larealidaddelaplata.com.ar\/?p=40053"},"modified":"2025-07-26T17:11:35","modified_gmt":"2025-07-26T20:11:35","slug":"sarampion-se-realizaron-campanas-de-vacunacion-y-de-prevencion-en-toda-la-ciudad","status":"publish","type":"post","link":"https:\/\/larealidaddelaplata.com.ar\/index.php\/2025\/07\/26\/sarampion-se-realizaron-campanas-de-vacunacion-y-de-prevencion-en-toda-la-ciudad\/","title":{"rendered":"Sarampi\u00f3n: Se realizaron campa\u00f1as de vacunaci\u00f3n y de prevenci\u00f3n en toda la ciudad"},"content":{"rendered":"\n<p>Esta semana, la Municipalidad de La Plata realiz\u00f3 jornadas de salud en una serie de operativos de salud en el casco urbano, jardines, escuelas, clubes y espacios comunitarios de Gonnet y Villa Elvira con el objetivo de garantizar una atenci\u00f3n sanitaria cercana y accesible a todos los vecinos.<\/p>\n\n\n\n<p>Las mismas fueron en coordinaci\u00f3n con los Centros de Atenci\u00f3n Primaria de la Salud (CAPS) y apuntaron a reforzar la campa\u00f1a de prevenci\u00f3n contra el sarampi\u00f3n a trav\u00e9s de jornadas de vacunaci\u00f3n y visitas puerta a puerta para detectar casos sospechosos.<\/p>\n\n\n\n<p>Adem\u00e1s, durante las jornadas se incluy\u00f3 chequeos odontol\u00f3gicos, de peso, de talla, de presi\u00f3n arterial y de agudeza visual. Tambi\u00e9n se hicieron electrocardiogramas, se completaron esquemas de vacunaci\u00f3n y se ofrecieron charlas educativas para que ni\u00f1os y ni\u00f1as aprendan sobre cuidados y prevenci\u00f3n.<\/p>\n","protected":false},"excerpt":{"rendered":"<p>Esta semana, la Municipalidad de La Plata realiz\u00f3 jornadas de salud en una serie de operativos de salud en el casco urbano, jardines, escuelas, clubes y espacios comunitarios de Gonnet y Villa Elvira con el objetivo de garantizar una atenci\u00f3n sanitaria cercana y accesible a todos los vecinos. Las mismas fueron en coordinaci\u00f3n con los Centros de Atenci\u00f3n Primaria de la Salud (CAPS) y apuntaron a reforzar la campa\u00f1a de&hellip;<\/p>\n","protected":false},"author":2,"featured_media":40054,"comment_status":"open","ping_status":"open","sticky":false,"template":"","format":"standard","meta":{"_acf_changed":false,"footnotes":""},"categories":[13],"tags":[5635],"class_list":["post-40053","post","type-post","status-publish","format-standard","has-post-thumbnail","hentry","category-sociedad","tag-sarampion"],"acf":[],"aioseo_notices":[],"_links":{"self":[{"href":"https:\/\/larealidaddelaplata.com.ar\/index.php\/wp-json\/wp\/v2\/posts\/40053"}],"collection":[{"href":"https:\/\/larealidaddelaplata.com.ar\/index.php\/wp-json\/wp\/v2\/posts"}],"about":[{"href":"https:\/\/larealidaddelaplata.com.ar\/index.php\/wp-json\/wp\/v2\/types\/post"}],"author":[{"embeddable":true,"href":"https:\/\/larealidaddelaplata.com.ar\/index.php\/wp-json\/wp\/v2\/users\/2"}],"replies":[{"embeddable":true,"href":"https:\/\/larealidaddelaplata.com.ar\/index.php\/wp-json\/wp\/v2\/comments?post=40053"}],"version-history":[{"count":1,"href":"https:\/\/larealidaddelaplata.com.ar\/index.php\/wp-json\/wp\/v2\/posts\/40053\/revisions"}],"predecessor-version":[{"id":40055,"href":"https:\/\/larealidaddelaplata.com.ar\/index.php\/wp-json\/wp\/v2\/posts\/40053\/revisions\/40055"}],"wp:featuredmedia":[{"embeddable":true,"href":"https:\/\/larealidaddelaplata.com.ar\/index.php\/wp-json\/wp\/v2\/media\/40054"}],"wp:attachment":[{"href":"https:\/\/larealidaddelaplata.com.ar\/index.php\/wp-json\/wp\/v2\/media?parent=40053"}],"wp:term":[{"taxonomy":"category","embeddable":true,"href":"https:\/\/larealidaddelaplata.com.ar\/index.php\/wp-json\/wp\/v2\/categories?post=40053"},{"taxonomy":"post_tag","embeddable":true,"href":"https:\/\/larealidaddelaplata.com.ar\/index.php\/wp-json\/wp\/v2\/tags?post=40053"}],"curies":[{"name":"wp","href":"https:\/\/api.w.org\/{rel}","templated":true}]}}