{"id":40370,"date":"2025-08-29T18:33:02","date_gmt":"2025-08-29T21:33:02","guid":{"rendered":"https:\/\/larealidaddelaplata.com.ar\/?p=40370"},"modified":"2025-08-29T18:33:06","modified_gmt":"2025-08-29T21:33:06","slug":"el-banco-provincia-celebra-su-aniversario-con-descuentos-imperdibles","status":"publish","type":"post","link":"https:\/\/larealidaddelaplata.com.ar\/index.php\/2025\/08\/29\/el-banco-provincia-celebra-su-aniversario-con-descuentos-imperdibles\/","title":{"rendered":"El Banco Provincia celebra su aniversario con descuentos imperdibles"},"content":{"rendered":"\n<p>El <strong>Banco Provincia (BAPRO)<\/strong> cumple un nuevo <strong>aniversario<\/strong> en septiembre y lo celebrar\u00e1 con una bater\u00eda de <strong>descuentos<\/strong> que podr\u00e1n aprovechar todos los usuarios de la popular <strong>Cuenta DNI<\/strong>. La entidad, que abri\u00f3 sus puertas en 1822, prepara un cronograma de beneficios que incluye promociones especiales en gastronom\u00eda, carnicer\u00edas, comercios de cercan\u00eda y supermercados de todo el territorio bonaerense.<\/p>\n\n\n\n<p>Con un <strong>&#8220;30% de descuento en comercios del rubro gastronom\u00eda&#8221;<\/strong> durante el s\u00e1bado 6 y el domingo 7 de septiembre, este descuento especial tendr\u00e1 un tope de <strong>&#8220;$8.000&#8221;<\/strong> por persona y se alcanzar\u00e1 con un consumo de hasta <strong>&#8220;$26.700&#8221;<\/strong>. La promoci\u00f3n es una de las m\u00e1s esperadas por los usuarios.<\/p>\n\n\n\n<p>La promoci\u00f3n se suma a las ya habituales jornadas de ahorro en carnicer\u00edas, granjas y pescader\u00edas, con un <strong>&#8220;35% de descuento&#8221;<\/strong>. Estas estar\u00e1n disponibles los s\u00e1bados 6 y 20 de septiembre, con un l\u00edmite de <strong>&#8220;$6.000&#8221;<\/strong> por jornada, alcanzable con compras de <strong>&#8220;$17.000&#8221;<\/strong> en total.<\/p>\n\n\n\n<p>A lo largo del mes, se mantendr\u00e1n adem\u00e1s los beneficios en comercios de cercan\u00eda, ferias y universidades. Tambi\u00e9n continuar\u00e1 el programa de descuentos en garrafas y en grandes cadenas de supermercados, consolidando as\u00ed la estrategia de <strong>Banco Provincia<\/strong> de sumar opciones de ahorro para los bonaerenses.<\/p>\n\n\n\n<p>En el caso de los comercios de cercan\u00eda, el descuento ser\u00e1 del <strong>&#8220;20% todos los viernes&#8221;<\/strong>, con un tope de <strong>&#8220;$4.000&#8221;<\/strong> por d\u00eda; y para aprovecharlo los usuarios deber\u00e1n alcanzar consumos de hasta <strong>&#8220;$20.000&#8221;<\/strong> en esas jornadas, siempre con la app Cuenta DNI. Los comercios adheridos en universidades bonaerenses tambi\u00e9n tendr\u00e1n un <strong>&#8220;40% de descuento todos los d\u00edas&#8221;<\/strong>, con un tope semanal de <strong>&#8220;$6.000&#8221;<\/strong> por persona alcanzable con consumos de <strong>&#8220;$15.000&#8221;<\/strong>.<\/p>\n\n\n\n<p>Las ferias y <strong>Mercados Bonaerenses<\/strong> ofrecer\u00e1n un <strong>&#8220;40% de descuento todos los d\u00edas&#8221;<\/strong>, con un tope de <strong>&#8220;$6.000&#8221;<\/strong> por semana. El beneficio equivale a consumos de hasta <strong>&#8220;$15.000&#8221;<\/strong> y busca reforzar el acceso de los usuarios a productos frescos y de la econom\u00eda local.<\/p>\n\n\n\n<p>En este marco, las autoridades de la banca p\u00fablica provincial confirmaron que a lo largo del mes entrante no solo estar\u00e1n disponibles las ya tradicionales ofertas que suele poner a disposici\u00f3n su billetera virtual, sino tambi\u00e9n otras puntualmente pensadas para celebrar el nuevo cumplea\u00f1os del <strong>BAPRO<\/strong> como el <strong>&#8220;Especial Cumplea\u00f1os Banco Provincia&#8221;<\/strong>.<\/p>\n","protected":false},"excerpt":{"rendered":"<p>El Banco Provincia (BAPRO) cumple un nuevo aniversario en septiembre y lo celebrar\u00e1 con una bater\u00eda de descuentos que podr\u00e1n aprovechar todos los usuarios de la popular Cuenta DNI. La entidad, que abri\u00f3 sus puertas en 1822, prepara un cronograma de beneficios que incluye promociones especiales en gastronom\u00eda, carnicer\u00edas, comercios de cercan\u00eda y supermercados de todo el territorio bonaerense. Con un &#8220;30% de descuento en comercios del rubro gastronom\u00eda&#8221; durante&hellip;<\/p>\n","protected":false},"author":6,"featured_media":37823,"comment_status":"open","ping_status":"open","sticky":false,"template":"","format":"standard","meta":{"_acf_changed":false,"footnotes":""},"categories":[2],"tags":[],"class_list":["post-40370","post","type-post","status-publish","format-standard","has-post-thumbnail","hentry","category-provincia"],"acf":[],"aioseo_notices":[],"_links":{"self":[{"href":"https:\/\/larealidaddelaplata.com.ar\/index.php\/wp-json\/wp\/v2\/posts\/40370"}],"collection":[{"href":"https:\/\/larealidaddelaplata.com.ar\/index.php\/wp-json\/wp\/v2\/posts"}],"about":[{"href":"https:\/\/larealidaddelaplata.com.ar\/index.php\/wp-json\/wp\/v2\/types\/post"}],"author":[{"embeddable":true,"href":"https:\/\/larealidaddelaplata.com.ar\/index.php\/wp-json\/wp\/v2\/users\/6"}],"replies":[{"embeddable":true,"href":"https:\/\/larealidaddelaplata.com.ar\/index.php\/wp-json\/wp\/v2\/comments?post=40370"}],"version-history":[{"count":1,"href":"https:\/\/larealidaddelaplata.com.ar\/index.php\/wp-json\/wp\/v2\/posts\/40370\/revisions"}],"predecessor-version":[{"id":40371,"href":"https:\/\/larealidaddelaplata.com.ar\/index.php\/wp-json\/wp\/v2\/posts\/40370\/revisions\/40371"}],"wp:featuredmedia":[{"embeddable":true,"href":"https:\/\/larealidaddelaplata.com.ar\/index.php\/wp-json\/wp\/v2\/media\/37823"}],"wp:attachment":[{"href":"https:\/\/larealidaddelaplata.com.ar\/index.php\/wp-json\/wp\/v2\/media?parent=40370"}],"wp:term":[{"taxonomy":"category","embeddable":true,"href":"https:\/\/larealidaddelaplata.com.ar\/index.php\/wp-json\/wp\/v2\/categories?post=40370"},{"taxonomy":"post_tag","embeddable":true,"href":"https:\/\/larealidaddelaplata.com.ar\/index.php\/wp-json\/wp\/v2\/tags?post=40370"}],"curies":[{"name":"wp","href":"https:\/\/api.w.org\/{rel}","templated":true}]}}