{"id":40376,"date":"2025-08-29T20:11:34","date_gmt":"2025-08-29T23:11:34","guid":{"rendered":"https:\/\/larealidaddelaplata.com.ar\/?p=40376"},"modified":"2025-08-29T20:11:39","modified_gmt":"2025-08-29T23:11:39","slug":"adulp-confirmo-una-nueva-doble-jornada-de-lucha-con-paro-docente-en-la-unlp","status":"publish","type":"post","link":"https:\/\/larealidaddelaplata.com.ar\/index.php\/2025\/08\/29\/adulp-confirmo-una-nueva-doble-jornada-de-lucha-con-paro-docente-en-la-unlp\/","title":{"rendered":"ADULP confirm\u00f3 una nueva doble jornada de lucha con paro docente en la UNLP"},"content":{"rendered":"\n<p>El Plenario de Delegados y Delegadas de la\u00a0<strong>Asociaci\u00f3n de Docentes de la UNLP (ADULP)\u00a0<\/strong>resolvi\u00f3 convocar a un paro de 24 horas el lunes 1\u00b0 de septiembre y ratific\u00f3 una nueva protesta en la ciudad. La medida se enmarca en las jornadas de protesta de 48 horas lanzadas por la\u00a0<strong>Federaci\u00f3n Nacional de Docentes Universitarios <\/strong>(Conadu).<\/p>\n\n\n\n<p>Tras la\u00a0doble jornada de paro que afect\u00f3 a las clases esta misma semana, la organizaci\u00f3n sindical confirm\u00f3 que\u00a0el mes pr\u00f3ximo comenzar\u00e1 con protestas y adelant\u00f3 adem\u00e1s que martes 2 de septiembre habr\u00e1 un cese de actividades desde las 13.<\/p>\n\n\n\n<p>La decisi\u00f3n busca permitir la participaci\u00f3n de los afiliados al gremio en las actividades impulsadas por el&nbsp;<strong>Frente Sindical de las Universidades Nacionales<\/strong>.<\/p>\n\n\n\n<p>En ese marco, durante el plenario se destac\u00f3 la necesidad de fortalecer los acuerdos con la comunidad universitaria dado que, seg\u00fan la conducci\u00f3n gremial, la articulaci\u00f3n con otros espacios ser\u00e1 clave para sostener el conflicto y enfrentar posibles medidas del Gobierno nacional.<\/p>\n\n\n\n<h2 class=\"wp-block-heading\">Los docentes de la UNLP contin\u00faan con el plan de lucha<\/h2>\n\n\n\n<p>ADULP reiter\u00f3 su rechazo a la pol\u00edtica salarial impulsada por la gesti\u00f3n nacional y se\u00f1al\u00f3 que el conflicto se desarrolla en un contexto de tensiones con la administraci\u00f3n de\u00a0<strong>Javier Milei<\/strong>.\u00a0El sindicato anticip\u00f3 que las medidas tambi\u00e9n se vinculan con la convocatoria a la tercera<strong>\u00a0Marcha Federal Universitaria<\/strong>.<\/p>\n\n\n\n<figure class=\"wp-block-image\"><img decoding=\"async\" src=\"https:\/\/media.0221.com.ar\/p\/320537c6f2922618e98ae13b7333fd87\/adjuntos\/357\/imagenes\/100\/189\/0100189042\/1400x0\/smart\/segunda-marcha-federal-universitariajpg.jpg\" alt=\"Docentes y estudiantes de todo el pa\u00eds impulsan la realizaci\u00f3n de una nueva Marcha Federal Universitaria\" title=\"Docentes y estudiantes de todo el pa\u00eds impulsan la realizaci\u00f3n de una nueva Marcha Federal Universitaria\"\/><\/figure>\n\n\n\n<p>Docentes y estudiantes de todo el pa\u00eds impulsan la realizaci\u00f3n de una nueva Marcha Federal Universitaria<\/p>\n\n\n\n<p>Los docentes universitarios&nbsp;exigen la apertura de paritarias libres, la recomposici\u00f3n salarial y un incremento en el presupuesto destinado a las universidades, la ciencia y la tecnolog\u00eda argentinas. Seg\u00fan los referentes gremiales, estos puntos resultan indispensables para garantizar el funcionamiento del sistema educativo superior.<\/p>\n\n\n\n<p>Las autoridades sindicales remarcaron que las medidas de fuerza continuar\u00e1n mientras no se registren avances en las negociaciones. En ese sentido, sostuvieron que el plenario seguir\u00e1 evaluando acciones junto a la Federaci\u00f3n y otros espacios gremiales.<\/p>\n\n\n\n<p><\/p>\n","protected":false},"excerpt":{"rendered":"<p>El Plenario de Delegados y Delegadas de la\u00a0Asociaci\u00f3n de Docentes de la UNLP (ADULP)\u00a0resolvi\u00f3 convocar a un paro de 24 horas el lunes 1\u00b0 de septiembre y ratific\u00f3 una nueva protesta en la ciudad. La medida se enmarca en las jornadas de protesta de 48 horas lanzadas por la\u00a0Federaci\u00f3n Nacional de Docentes Universitarios (Conadu). Tras la\u00a0doble jornada de paro que afect\u00f3 a las clases esta misma semana, la organizaci\u00f3n sindical&hellip;<\/p>\n","protected":false},"author":3,"featured_media":37271,"comment_status":"open","ping_status":"open","sticky":false,"template":"","format":"standard","meta":{"_acf_changed":false,"footnotes":""},"categories":[2],"tags":[],"class_list":["post-40376","post","type-post","status-publish","format-standard","has-post-thumbnail","hentry","category-provincia"],"acf":[],"aioseo_notices":[],"_links":{"self":[{"href":"https:\/\/larealidaddelaplata.com.ar\/index.php\/wp-json\/wp\/v2\/posts\/40376"}],"collection":[{"href":"https:\/\/larealidaddelaplata.com.ar\/index.php\/wp-json\/wp\/v2\/posts"}],"about":[{"href":"https:\/\/larealidaddelaplata.com.ar\/index.php\/wp-json\/wp\/v2\/types\/post"}],"author":[{"embeddable":true,"href":"https:\/\/larealidaddelaplata.com.ar\/index.php\/wp-json\/wp\/v2\/users\/3"}],"replies":[{"embeddable":true,"href":"https:\/\/larealidaddelaplata.com.ar\/index.php\/wp-json\/wp\/v2\/comments?post=40376"}],"version-history":[{"count":1,"href":"https:\/\/larealidaddelaplata.com.ar\/index.php\/wp-json\/wp\/v2\/posts\/40376\/revisions"}],"predecessor-version":[{"id":40377,"href":"https:\/\/larealidaddelaplata.com.ar\/index.php\/wp-json\/wp\/v2\/posts\/40376\/revisions\/40377"}],"wp:featuredmedia":[{"embeddable":true,"href":"https:\/\/larealidaddelaplata.com.ar\/index.php\/wp-json\/wp\/v2\/media\/37271"}],"wp:attachment":[{"href":"https:\/\/larealidaddelaplata.com.ar\/index.php\/wp-json\/wp\/v2\/media?parent=40376"}],"wp:term":[{"taxonomy":"category","embeddable":true,"href":"https:\/\/larealidaddelaplata.com.ar\/index.php\/wp-json\/wp\/v2\/categories?post=40376"},{"taxonomy":"post_tag","embeddable":true,"href":"https:\/\/larealidaddelaplata.com.ar\/index.php\/wp-json\/wp\/v2\/tags?post=40376"}],"curies":[{"name":"wp","href":"https:\/\/api.w.org\/{rel}","templated":true}]}}