{"id":40511,"date":"2025-09-16T09:51:39","date_gmt":"2025-09-16T12:51:39","guid":{"rendered":"https:\/\/larealidaddelaplata.com.ar\/?p=40511"},"modified":"2025-09-16T10:03:35","modified_gmt":"2025-09-16T13:03:35","slug":"preparan-una-gran-marcha-en-la-plata-por-el-aniversario-de-la-noche-de-los-lapices","status":"publish","type":"post","link":"https:\/\/larealidaddelaplata.com.ar\/index.php\/2025\/09\/16\/preparan-una-gran-marcha-en-la-plata-por-el-aniversario-de-la-noche-de-los-lapices\/","title":{"rendered":"Preparan una gran marcha en La Plata por el aniversario de la Noche de los L\u00e1pices"},"content":{"rendered":"\n<p>La marcha, organizada por la Uni\u00f3n de Estudiantes Secundarios (UES), partir\u00e1 a las 14 desde Plaza Olaz\u00e1bal \u2014en 7 y 38\u2014 y culminar\u00e1 en el Ministerio de Infraestructura de la Provincia. La convocatoria busca homenajear a los j\u00f3venes v\u00edctimas del terrorismo de Estado y reafirmar la vigencia de la lucha estudiantil.<\/p>\n\n\n\n<p>El 16 de septiembre de 1976, en los primeros meses de la dictadura, fueron secuestrados varios adolescentes vinculados a la UES y a la Juventud Guevarista, muchos de los cuales hab\u00edan participado en las marchas de 1975 por el Boleto Estudiantil Secundario. De ellos, permanecen desaparecidos Claudia Falcone (16), Francisco L\u00f3pez Muntaner (16), Mar\u00eda Clara Ciocchini (18), Horacio Ungaro (17), Daniel Racero (18) y Claudio de Acha (18).<\/p>\n\n\n\n<p>Los sobrevivientes Gustavo Calotti, Emilce Moler, Patricia Miranda y Pablo D\u00edaz lograron salir con vida, y con el tiempo aportaron sus testimonios para que la memoria de lo ocurrido no se apague. \u201cNunca me preguntaron por el boleto escolar; nos detuvieron por ser militantes de la UES\u201d, record\u00f3 Moler a\u00f1os m\u00e1s tarde.<\/p>\n\n\n\n<p>En homenaje a aquellos estudiantes, en 2014 se sancion\u00f3 la Ley 27.002 que declar\u00f3 el 16 de septiembre como D\u00eda Nacional de la Juventud, una jornada que busca mantener viva la memoria y los derechos de las nuevas generaciones.<\/p>\n","protected":false},"excerpt":{"rendered":"<p>La marcha, organizada por la Uni\u00f3n de Estudiantes Secundarios (UES), partir\u00e1 a las 14 desde Plaza Olaz\u00e1bal \u2014en 7 y 38\u2014 y culminar\u00e1 en el Ministerio de Infraestructura de la Provincia. La convocatoria busca homenajear a los j\u00f3venes v\u00edctimas del terrorismo de Estado y reafirmar la vigencia de la lucha estudiantil. El 16 de septiembre de 1976, en los primeros meses de la dictadura, fueron secuestrados varios adolescentes vinculados a&hellip;<\/p>\n","protected":false},"author":3,"featured_media":40513,"comment_status":"open","ping_status":"open","sticky":false,"template":"","format":"standard","meta":{"_acf_changed":false,"footnotes":""},"categories":[2],"tags":[],"class_list":["post-40511","post","type-post","status-publish","format-standard","has-post-thumbnail","hentry","category-provincia"],"acf":[],"aioseo_notices":[],"_links":{"self":[{"href":"https:\/\/larealidaddelaplata.com.ar\/index.php\/wp-json\/wp\/v2\/posts\/40511"}],"collection":[{"href":"https:\/\/larealidaddelaplata.com.ar\/index.php\/wp-json\/wp\/v2\/posts"}],"about":[{"href":"https:\/\/larealidaddelaplata.com.ar\/index.php\/wp-json\/wp\/v2\/types\/post"}],"author":[{"embeddable":true,"href":"https:\/\/larealidaddelaplata.com.ar\/index.php\/wp-json\/wp\/v2\/users\/3"}],"replies":[{"embeddable":true,"href":"https:\/\/larealidaddelaplata.com.ar\/index.php\/wp-json\/wp\/v2\/comments?post=40511"}],"version-history":[{"count":1,"href":"https:\/\/larealidaddelaplata.com.ar\/index.php\/wp-json\/wp\/v2\/posts\/40511\/revisions"}],"predecessor-version":[{"id":40512,"href":"https:\/\/larealidaddelaplata.com.ar\/index.php\/wp-json\/wp\/v2\/posts\/40511\/revisions\/40512"}],"wp:featuredmedia":[{"embeddable":true,"href":"https:\/\/larealidaddelaplata.com.ar\/index.php\/wp-json\/wp\/v2\/media\/40513"}],"wp:attachment":[{"href":"https:\/\/larealidaddelaplata.com.ar\/index.php\/wp-json\/wp\/v2\/media?parent=40511"}],"wp:term":[{"taxonomy":"category","embeddable":true,"href":"https:\/\/larealidaddelaplata.com.ar\/index.php\/wp-json\/wp\/v2\/categories?post=40511"},{"taxonomy":"post_tag","embeddable":true,"href":"https:\/\/larealidaddelaplata.com.ar\/index.php\/wp-json\/wp\/v2\/tags?post=40511"}],"curies":[{"name":"wp","href":"https:\/\/api.w.org\/{rel}","templated":true}]}}