{"id":40518,"date":"2025-09-16T15:56:25","date_gmt":"2025-09-16T18:56:25","guid":{"rendered":"https:\/\/larealidaddelaplata.com.ar\/?p=40518"},"modified":"2025-09-16T15:56:29","modified_gmt":"2025-09-16T18:56:29","slug":"con-bajas-y-novedades-estudiantes-viaja-a-brasil-para-enfrentar-a-flamengo","status":"publish","type":"post","link":"https:\/\/larealidaddelaplata.com.ar\/index.php\/2025\/09\/16\/con-bajas-y-novedades-estudiantes-viaja-a-brasil-para-enfrentar-a-flamengo\/","title":{"rendered":"Con bajas y novedades: Estudiantes viaja a Brasil para enfrentar a Flamengo"},"content":{"rendered":"\n<hr class=\"wp-block-separator has-alpha-channel-opacity\"\/>\n\n\n\n<h2 class=\"wp-block-heading\"><strong>Con la Cabeza en Brasil: Estudiantes Cierra Filas para la Batalla en el Maracan\u00e1<\/strong><\/h2>\n\n\n\n<p><strong>El Pincha ajusta los \u00faltimos detalles antes de su viaje a R\u00edo de Janeiro. El DT Eduardo Dom\u00ednguez dirigi\u00f3 el \u00faltimo ensayo en City Bell, con la mente puesta en el crucial duelo de cuartos de final de la Copa Libertadores contra Flamengo. El estratega del Le\u00f3n deber\u00e1 sortear la ausencia de jugadores clave, aunque ya tiene un plan de recambio para enfrentar al rival brasile\u00f1o.<\/strong><\/p>\n\n\n\n<p>El plantel de <strong>Estudiantes<\/strong> se entren\u00f3 por la ma\u00f1ana en su predio de <strong>City Bell<\/strong>, en la \u00faltima pr\u00e1ctica antes de embarcarse en un vuelo programado para las 17.30 con una delegaci\u00f3n de 27 futbolistas. En la cancha principal, Dom\u00ednguez prob\u00f3 variantes y deline\u00f3 un equipo con novedades, buscando la mejor estrategia para el choque del jueves. El equipo se instalar\u00e1 en un hotel de <strong>Barra Da Tijuca<\/strong> y el mi\u00e9rcoles realizar\u00e1 la \u00faltima pr\u00e1ctica en las instalaciones de <strong>Fluminense<\/strong>, antes del partido que se jugar\u00e1 en el <strong>Maracan\u00e1<\/strong> a las 21.30.<\/p>\n\n\n\n<hr class=\"wp-block-separator has-alpha-channel-opacity\"\/>\n\n\n\n<h3 class=\"wp-block-heading\"><strong>Bajas Sensibles y un Esquema con Interrogantes<\/strong><\/h3>\n\n\n\n<p>El cuerpo t\u00e9cnico de <strong>Estudiantes<\/strong> trabaja a contrarreloj para resolver las bajas de <strong>Leandro Gonz\u00e1lez Pirez<\/strong> y <strong>Edwuin Cetr\u00e9<\/strong>, dos piezas importantes en el esquema del DT. Para la defensa, no hay mayores dudas: <strong>Santiago N\u00fa\u00f1ez<\/strong> se perfila como su reemplazante, mientras que <strong>M\u00e1ximo Des\u00e1bato<\/strong> se sum\u00f3 al plantel.<\/p>\n\n\n\n<p>El mayor dilema para <strong>Dom\u00ednguez<\/strong> parece estar en la mitad de la cancha, donde la cautela es la protagonista. Tras el partido ante <strong>River<\/strong>, los fijos son <strong>Santiago Ascac\u00edbar<\/strong>, <strong>Mikel Amondarian<\/strong> y <strong>Tiago Palacios<\/strong>. A ellos se sumar\u00edan <strong>Cristian Medina<\/strong> y <strong>Guido Carrillo<\/strong>. Sin embargo, la \u00faltima vacante podr\u00eda ser para <strong>Alexis Castro<\/strong>, aunque la versatilidad de <strong>Ezequiel Piovi<\/strong> y <strong>Gabriel Neves<\/strong> los convierte en serias alternativas, considerando que <strong>Flamengo<\/strong> es un equipo que suele copar el mediocampo.<\/p>\n\n\n\n<p>Un nombre que podr\u00eda sorprender en el once inicial es el de <strong>Gast\u00f3n Benedetti<\/strong>, quien podr\u00eda ser la carta bajo la manga del entrenador para reforzar la \u00faltima l\u00ednea. El lateral podr\u00eda acompa\u00f1ar a <strong>Santiago Arzamendia<\/strong> y conformar una defensa de cinco hombres, una opci\u00f3n que se plantear\u00e1 en el ensayo final en Brasil.<\/p>\n","protected":false},"excerpt":{"rendered":"<p>Con la Cabeza en Brasil: Estudiantes Cierra Filas para la Batalla en el Maracan\u00e1 El Pincha ajusta los \u00faltimos detalles antes de su viaje a R\u00edo de Janeiro. El DT Eduardo Dom\u00ednguez dirigi\u00f3 el \u00faltimo ensayo en City Bell, con la mente puesta en el crucial duelo de cuartos de final de la Copa Libertadores contra Flamengo. El estratega del Le\u00f3n deber\u00e1 sortear la ausencia de jugadores clave, aunque ya&hellip;<\/p>\n","protected":false},"author":6,"featured_media":32275,"comment_status":"open","ping_status":"open","sticky":false,"template":"","format":"standard","meta":{"_acf_changed":false,"footnotes":""},"categories":[10,12],"tags":[],"class_list":["post-40518","post","type-post","status-publish","format-standard","has-post-thumbnail","hentry","category-deportes","category-estudiantes"],"acf":[],"aioseo_notices":[],"_links":{"self":[{"href":"https:\/\/larealidaddelaplata.com.ar\/index.php\/wp-json\/wp\/v2\/posts\/40518"}],"collection":[{"href":"https:\/\/larealidaddelaplata.com.ar\/index.php\/wp-json\/wp\/v2\/posts"}],"about":[{"href":"https:\/\/larealidaddelaplata.com.ar\/index.php\/wp-json\/wp\/v2\/types\/post"}],"author":[{"embeddable":true,"href":"https:\/\/larealidaddelaplata.com.ar\/index.php\/wp-json\/wp\/v2\/users\/6"}],"replies":[{"embeddable":true,"href":"https:\/\/larealidaddelaplata.com.ar\/index.php\/wp-json\/wp\/v2\/comments?post=40518"}],"version-history":[{"count":1,"href":"https:\/\/larealidaddelaplata.com.ar\/index.php\/wp-json\/wp\/v2\/posts\/40518\/revisions"}],"predecessor-version":[{"id":40519,"href":"https:\/\/larealidaddelaplata.com.ar\/index.php\/wp-json\/wp\/v2\/posts\/40518\/revisions\/40519"}],"wp:featuredmedia":[{"embeddable":true,"href":"https:\/\/larealidaddelaplata.com.ar\/index.php\/wp-json\/wp\/v2\/media\/32275"}],"wp:attachment":[{"href":"https:\/\/larealidaddelaplata.com.ar\/index.php\/wp-json\/wp\/v2\/media?parent=40518"}],"wp:term":[{"taxonomy":"category","embeddable":true,"href":"https:\/\/larealidaddelaplata.com.ar\/index.php\/wp-json\/wp\/v2\/categories?post=40518"},{"taxonomy":"post_tag","embeddable":true,"href":"https:\/\/larealidaddelaplata.com.ar\/index.php\/wp-json\/wp\/v2\/tags?post=40518"}],"curies":[{"name":"wp","href":"https:\/\/api.w.org\/{rel}","templated":true}]}}