{"id":40641,"date":"2025-09-29T08:59:32","date_gmt":"2025-09-29T11:59:32","guid":{"rendered":"https:\/\/larealidaddelaplata.com.ar\/?p=40641"},"modified":"2025-09-29T08:59:37","modified_gmt":"2025-09-29T11:59:37","slug":"dia-del-empleado-de-comercio-que-abre-y-que-no-en-la-plata-este-lunes-29-de-septiembre","status":"publish","type":"post","link":"https:\/\/larealidaddelaplata.com.ar\/index.php\/2025\/09\/29\/dia-del-empleado-de-comercio-que-abre-y-que-no-en-la-plata-este-lunes-29-de-septiembre\/","title":{"rendered":"D\u00eda del Empleado de Comercio: qu\u00e9 abre y qu\u00e9 no en La Plata este lunes 29 de septiembre"},"content":{"rendered":"\n<p>Este lunes 29 de septiembre la ciudad tendr\u00e1 un ritmo distinto: la mayor\u00eda de los grandes locales, supermercados e hipermercados no abrir\u00e1n sus puertas por la celebraci\u00f3n del D\u00eda del Empleado de Comercio. La fecha original es el 26, pero este a\u00f1o se traslad\u00f3 para sumar un fin de semana largo y atenuar el impacto econ\u00f3mico en el sector.<\/p>\n\n\n\n<p>En La Plata, adem\u00e1s del cierre de buena parte de los comercios, la Municipalidad inform\u00f3 que <strong>no se cobrar\u00e1 el Estacionamiento Medido<\/strong>. El servicio volver\u00e1 a funcionar normalmente el martes 30 y las consultas podr\u00e1n hacerse a trav\u00e9s de los c\u00f3digos QR disponibles en los carteles de la v\u00eda p\u00fablica.<\/p>\n\n\n\n<p>Aunque muchos locales bajar\u00e1n la persiana, no todos quedar\u00e1n alcanzados: los comercios de barrio podr\u00e1n abrir si los atienden sus due\u00f1os o si los empleados aceptan trabajar, en cuyo caso deber\u00e1n cobrar el doble, como marca la ley. Quienes decidan no hacerlo, tendr\u00e1n igualmente el d\u00eda pago sin afectar su sueldo mensual.<\/p>\n\n\n\n<p>La conmemoraci\u00f3n tiene un trasfondo hist\u00f3rico. El D\u00eda del Empleado de Comercio se celebra en recuerdo de la <strong>Ley 11.729 de 1934<\/strong>, impulsada por el diputado socialista Enrique Dickman, que garantiz\u00f3 derechos laborales fundamentales como la estabilidad, las vacaciones pagas y la indemnizaci\u00f3n por despido arbitrario. A\u00f1os m\u00e1s tarde, en 1945, se fund\u00f3 la Federaci\u00f3n Argentina de Empleados de Comercio (FAEC), que consolid\u00f3 la fecha en el calendario sindical.<\/p>\n\n\n\n<p>La jornada, m\u00e1s all\u00e1 del descanso, busca poner en valor a quienes sostienen la atenci\u00f3n al p\u00fablico y el funcionamiento diario de los comercios, desde los grandes shoppings hasta los almacenes de barrio.<\/p>\n","protected":false},"excerpt":{"rendered":"<p>Este lunes 29 de septiembre la ciudad tendr\u00e1 un ritmo distinto: la mayor\u00eda de los grandes locales, supermercados e hipermercados no abrir\u00e1n sus puertas por la celebraci\u00f3n del D\u00eda del Empleado de Comercio. La fecha original es el 26, pero este a\u00f1o se traslad\u00f3 para sumar un fin de semana largo y atenuar el impacto econ\u00f3mico en el sector. En La Plata, adem\u00e1s del cierre de buena parte de los&hellip;<\/p>\n","protected":false},"author":3,"featured_media":31963,"comment_status":"open","ping_status":"open","sticky":false,"template":"","format":"standard","meta":{"_acf_changed":false,"footnotes":""},"categories":[2],"tags":[],"class_list":["post-40641","post","type-post","status-publish","format-standard","has-post-thumbnail","hentry","category-provincia"],"acf":[],"aioseo_notices":[],"_links":{"self":[{"href":"https:\/\/larealidaddelaplata.com.ar\/index.php\/wp-json\/wp\/v2\/posts\/40641"}],"collection":[{"href":"https:\/\/larealidaddelaplata.com.ar\/index.php\/wp-json\/wp\/v2\/posts"}],"about":[{"href":"https:\/\/larealidaddelaplata.com.ar\/index.php\/wp-json\/wp\/v2\/types\/post"}],"author":[{"embeddable":true,"href":"https:\/\/larealidaddelaplata.com.ar\/index.php\/wp-json\/wp\/v2\/users\/3"}],"replies":[{"embeddable":true,"href":"https:\/\/larealidaddelaplata.com.ar\/index.php\/wp-json\/wp\/v2\/comments?post=40641"}],"version-history":[{"count":1,"href":"https:\/\/larealidaddelaplata.com.ar\/index.php\/wp-json\/wp\/v2\/posts\/40641\/revisions"}],"predecessor-version":[{"id":40642,"href":"https:\/\/larealidaddelaplata.com.ar\/index.php\/wp-json\/wp\/v2\/posts\/40641\/revisions\/40642"}],"wp:featuredmedia":[{"embeddable":true,"href":"https:\/\/larealidaddelaplata.com.ar\/index.php\/wp-json\/wp\/v2\/media\/31963"}],"wp:attachment":[{"href":"https:\/\/larealidaddelaplata.com.ar\/index.php\/wp-json\/wp\/v2\/media?parent=40641"}],"wp:term":[{"taxonomy":"category","embeddable":true,"href":"https:\/\/larealidaddelaplata.com.ar\/index.php\/wp-json\/wp\/v2\/categories?post=40641"},{"taxonomy":"post_tag","embeddable":true,"href":"https:\/\/larealidaddelaplata.com.ar\/index.php\/wp-json\/wp\/v2\/tags?post=40641"}],"curies":[{"name":"wp","href":"https:\/\/api.w.org\/{rel}","templated":true}]}}