{"id":40643,"date":"2025-09-29T09:22:27","date_gmt":"2025-09-29T12:22:27","guid":{"rendered":"https:\/\/larealidaddelaplata.com.ar\/?p=40643"},"modified":"2025-09-29T09:22:32","modified_gmt":"2025-09-29T12:22:32","slug":"robo-expres-en-ringuelet-en-menos-de-dos-minutos-se-llevaron-una-rueda-y-un-techo-de-vidrio","status":"publish","type":"post","link":"https:\/\/larealidaddelaplata.com.ar\/index.php\/2025\/09\/29\/robo-expres-en-ringuelet-en-menos-de-dos-minutos-se-llevaron-una-rueda-y-un-techo-de-vidrio\/","title":{"rendered":"Robo expr\u00e9s en Ringuelet: en menos de dos minutos se llevaron una rueda y un techo de vidrio"},"content":{"rendered":"\n<p>Un ins\u00f3lito robo expr\u00e9s tuvo lugar este s\u00e1bado por la ma\u00f1ana en Ringuelet, cuando al menos dos delincuentes robaron a dos autos distintos en menos de dos minutos. El hecho qued\u00f3 registrado por una c\u00e1mara de seguridad y gener\u00f3 preocupaci\u00f3n entre los vecinos.<\/p>\n\n\n\n<p>Todo ocurri\u00f3 alrededor de las 10, en la esquina de 10 bis y 512, cuando un Fiat Cronos negro se detuvo frente a un Peugeot 208 estacionado. En cuesti\u00f3n de segundos, uno de los ladrones descendi\u00f3 del veh\u00edculo y se llev\u00f3 la rueda delantera.<\/p>\n\n\n\n<p>Lejos de terminar ah\u00ed, el mismo auto continu\u00f3 su raid delictivo y atac\u00f3 a otro veh\u00edculo estacionado en la cuadra, del cual se llevaron nada menos que el techo de vidrio. Tras los golpes, los delincuentes escaparon a toda velocidad en el mismo rodado en el que hab\u00edan llegado.<\/p>\n\n\n\n<p>El video de las c\u00e1maras de seguridad se viraliz\u00f3 r\u00e1pidamente y puso en evidencia la modalidad con la que operan los ladrones, que actuaron a plena luz del d\u00eda y sin importarles la presencia de testigos.<\/p>\n\n\n\n<p>Los vecinos, alarmados, se\u00f1alaron que no es la primera vez que la zona sufre este tipo de ataques: \u201cEn esa misma cuadra d\u00edas anteriores le robaron la rueda de auxilio a otro auto y pertenencias que estaban en el interior\u201d, cont\u00f3 un testigo. Reclaman mayor presencia policial y controles de prevenci\u00f3n.<\/p>\n","protected":false},"excerpt":{"rendered":"<p>Un ins\u00f3lito robo expr\u00e9s tuvo lugar este s\u00e1bado por la ma\u00f1ana en Ringuelet, cuando al menos dos delincuentes robaron a dos autos distintos en menos de dos minutos. El hecho qued\u00f3 registrado por una c\u00e1mara de seguridad y gener\u00f3 preocupaci\u00f3n entre los vecinos. Todo ocurri\u00f3 alrededor de las 10, en la esquina de 10 bis y 512, cuando un Fiat Cronos negro se detuvo frente a un Peugeot 208 estacionado.&hellip;<\/p>\n","protected":false},"author":3,"featured_media":40644,"comment_status":"open","ping_status":"open","sticky":false,"template":"","format":"standard","meta":{"_acf_changed":false,"footnotes":""},"categories":[2],"tags":[],"class_list":["post-40643","post","type-post","status-publish","format-standard","has-post-thumbnail","hentry","category-provincia"],"acf":[],"aioseo_notices":[],"_links":{"self":[{"href":"https:\/\/larealidaddelaplata.com.ar\/index.php\/wp-json\/wp\/v2\/posts\/40643"}],"collection":[{"href":"https:\/\/larealidaddelaplata.com.ar\/index.php\/wp-json\/wp\/v2\/posts"}],"about":[{"href":"https:\/\/larealidaddelaplata.com.ar\/index.php\/wp-json\/wp\/v2\/types\/post"}],"author":[{"embeddable":true,"href":"https:\/\/larealidaddelaplata.com.ar\/index.php\/wp-json\/wp\/v2\/users\/3"}],"replies":[{"embeddable":true,"href":"https:\/\/larealidaddelaplata.com.ar\/index.php\/wp-json\/wp\/v2\/comments?post=40643"}],"version-history":[{"count":1,"href":"https:\/\/larealidaddelaplata.com.ar\/index.php\/wp-json\/wp\/v2\/posts\/40643\/revisions"}],"predecessor-version":[{"id":40645,"href":"https:\/\/larealidaddelaplata.com.ar\/index.php\/wp-json\/wp\/v2\/posts\/40643\/revisions\/40645"}],"wp:featuredmedia":[{"embeddable":true,"href":"https:\/\/larealidaddelaplata.com.ar\/index.php\/wp-json\/wp\/v2\/media\/40644"}],"wp:attachment":[{"href":"https:\/\/larealidaddelaplata.com.ar\/index.php\/wp-json\/wp\/v2\/media?parent=40643"}],"wp:term":[{"taxonomy":"category","embeddable":true,"href":"https:\/\/larealidaddelaplata.com.ar\/index.php\/wp-json\/wp\/v2\/categories?post=40643"},{"taxonomy":"post_tag","embeddable":true,"href":"https:\/\/larealidaddelaplata.com.ar\/index.php\/wp-json\/wp\/v2\/tags?post=40643"}],"curies":[{"name":"wp","href":"https:\/\/api.w.org\/{rel}","templated":true}]}}