{"id":41065,"date":"2025-11-12T19:44:19","date_gmt":"2025-11-12T22:44:19","guid":{"rendered":"https:\/\/larealidaddelaplata.com.ar\/?p=41065"},"modified":"2025-11-12T19:44:23","modified_gmt":"2025-11-12T22:44:23","slug":"alak-distinguio-como-visitante-ilustre-a-johnny-depp","status":"publish","type":"post","link":"https:\/\/larealidaddelaplata.com.ar\/index.php\/2025\/11\/12\/alak-distinguio-como-visitante-ilustre-a-johnny-depp\/","title":{"rendered":"Alak distingui\u00f3 como Visitante Ilustre a Johnny Depp"},"content":{"rendered":"\n<p>El intendente de La Plata, Julio Alak, distingui\u00f3 como visitante ilustre al reconocido artista Johnny Depp, quien recibi\u00f3 adem\u00e1s la llave de la ciudad durante una ceremonia realizada este mi\u00e9rcoles en el Sal\u00f3n Dorado del Palacio Municipal de la que tambi\u00e9n particip\u00f3 el actor Riccardo Scamarcio, protagonista de su nueva pel\u00edcula.<\/p>\n\n\n\n<p>\u201cEstamos todos muy felices, emocionados y profundamente conmovidos\u201d, sostuvo Alak, quien declar\u00f3 la visita \u201ccomo motivo de orgullo para esta capital bonaerense\u201d y destac\u00f3: \u201cTenemos en La Plata a dos artistas universales con enorme prestigio y lo valoramos especialmente porque esta ciudad ha sido constructora de talentos culturales\u201d.<\/p>\n\n\n\n<p>\u201cLa Plata naci\u00f3 de un acto cultural, como un libro de Julio Verne\u201d, continu\u00f3 Alak, y enfatiz\u00f3: \u201cDesde entonces, es una creaci\u00f3n nacida del pensamiento, el arte y la arquitectura; aqu\u00ed se formaron miles de artistas; por eso la visita de un artista de reconocimiento universal como Depp nos honra, inspira y emociona\u201d.<\/p>\n\n\n\n<p>Por su parte, Johnny Depp agradeci\u00f3 el reconocimiento y manifest\u00f3: \u201cMe he sentido muy bienvenido en esta ciudad incre\u00edble\u201d. Adem\u00e1s, valor\u00f3 que \u201ces un privilegio y un honor ser bienvenido de esta forma y vivir la experiencia de la gente en este lugar\u201d y asegur\u00f3: \u201cEl lugar y la cultura de esta ciudad es una mina de oro\u201d.<\/p>\n\n\n\n<p>En el marco del acto, la estrella de Hollywood dijo que \u201ces un honor recibir la llave de la ciudad\u201d e hizo p\u00fablicos sus agradecimientos: \u201cA Jorge Rodr\u00edguez por hacer posible mi primera visita a Argentina, y a la gente que me ha apoyado estupendamente\u201d.<\/p>\n\n\n\n<p>El encuentro fue transmitido en vivo y cont\u00f3 con la presencia de autoridades locales, invitados especiales y vecinos que se acercaron para saludar al Johnny Depp, quien agradeci\u00f3 el reconocimiento y comparti\u00f3 un momento desde el balc\u00f3n del edificio.<\/p>\n\n\n\n<p>Durante su visita, Depp brindar\u00e1 una masterclass en el Teatro Municipal Coliseo Podest\u00e1 junto al actor Riccardo Scamarcio, que incluir\u00e1 una alfombra roja y convocar\u00e1 a destacadas figuras de la cultura y los medios de comunicaci\u00f3n.<\/p>\n\n\n\n<p>La jornada concluir\u00e1 con una pre avant-premiere exclusiva de Modigliani, tres d\u00edas en Montparnasse, su nueva pel\u00edcula, que narra tres intensas jornadas en la vida del pintor italiano Amedeo Modigliani. La funci\u00f3n ser\u00e1 moderada por Ver\u00f3nica Lozano y Alejo Garc\u00eda Pintos y podr\u00e1 verse desde afuera del teatro, en las pantallas que instalar\u00e1 el Municipio.<\/p>\n","protected":false},"excerpt":{"rendered":"<p>El intendente de La Plata, Julio Alak, distingui\u00f3 como visitante ilustre al reconocido artista Johnny Depp, quien recibi\u00f3 adem\u00e1s la llave de la ciudad durante una ceremonia realizada este mi\u00e9rcoles en el Sal\u00f3n Dorado del Palacio Municipal de la que tambi\u00e9n particip\u00f3 el actor Riccardo Scamarcio, protagonista de su nueva pel\u00edcula. \u201cEstamos todos muy felices, emocionados y profundamente conmovidos\u201d, sostuvo Alak, quien declar\u00f3 la visita \u201ccomo motivo de orgullo para&hellip;<\/p>\n","protected":false},"author":3,"featured_media":41066,"comment_status":"open","ping_status":"open","sticky":false,"template":"","format":"standard","meta":{"_acf_changed":false,"footnotes":""},"categories":[2],"tags":[],"class_list":["post-41065","post","type-post","status-publish","format-standard","has-post-thumbnail","hentry","category-provincia"],"acf":[],"aioseo_notices":[],"_links":{"self":[{"href":"https:\/\/larealidaddelaplata.com.ar\/index.php\/wp-json\/wp\/v2\/posts\/41065"}],"collection":[{"href":"https:\/\/larealidaddelaplata.com.ar\/index.php\/wp-json\/wp\/v2\/posts"}],"about":[{"href":"https:\/\/larealidaddelaplata.com.ar\/index.php\/wp-json\/wp\/v2\/types\/post"}],"author":[{"embeddable":true,"href":"https:\/\/larealidaddelaplata.com.ar\/index.php\/wp-json\/wp\/v2\/users\/3"}],"replies":[{"embeddable":true,"href":"https:\/\/larealidaddelaplata.com.ar\/index.php\/wp-json\/wp\/v2\/comments?post=41065"}],"version-history":[{"count":1,"href":"https:\/\/larealidaddelaplata.com.ar\/index.php\/wp-json\/wp\/v2\/posts\/41065\/revisions"}],"predecessor-version":[{"id":41067,"href":"https:\/\/larealidaddelaplata.com.ar\/index.php\/wp-json\/wp\/v2\/posts\/41065\/revisions\/41067"}],"wp:featuredmedia":[{"embeddable":true,"href":"https:\/\/larealidaddelaplata.com.ar\/index.php\/wp-json\/wp\/v2\/media\/41066"}],"wp:attachment":[{"href":"https:\/\/larealidaddelaplata.com.ar\/index.php\/wp-json\/wp\/v2\/media?parent=41065"}],"wp:term":[{"taxonomy":"category","embeddable":true,"href":"https:\/\/larealidaddelaplata.com.ar\/index.php\/wp-json\/wp\/v2\/categories?post=41065"},{"taxonomy":"post_tag","embeddable":true,"href":"https:\/\/larealidaddelaplata.com.ar\/index.php\/wp-json\/wp\/v2\/tags?post=41065"}],"curies":[{"name":"wp","href":"https:\/\/api.w.org\/{rel}","templated":true}]}}