{"id":41069,"date":"2025-11-13T08:38:34","date_gmt":"2025-11-13T11:38:34","guid":{"rendered":"https:\/\/larealidaddelaplata.com.ar\/?p=41069"},"modified":"2025-11-13T08:38:39","modified_gmt":"2025-11-13T11:38:39","slug":"un-informe-revela-que-en-las-zonas-comerciales-de-la-plata-se-triplicaron-los-locales-vacios-en-relacion-a-2024","status":"publish","type":"post","link":"https:\/\/larealidaddelaplata.com.ar\/index.php\/2025\/11\/13\/un-informe-revela-que-en-las-zonas-comerciales-de-la-plata-se-triplicaron-los-locales-vacios-en-relacion-a-2024\/","title":{"rendered":"Un informe revela que en las zonas comerciales de La Plata se triplicaron los locales vac\u00edos en relaci\u00f3n a 2024"},"content":{"rendered":"\n<p>La cantidad de locales cerrados en los\u00a0<strong>centros comerciales<\/strong>\u00a0de\u00a0<strong>La Plata<\/strong>, una variable que puede servir para inferir cu\u00e1l es el nivel de actividad, experiment\u00f3 en septiembre y octubre una leve baja respecto al bimestre anterior, pero\u00a0sigue siendo alarmante si se tienen en cuenta los n\u00fameros del mismo per\u00edodo del a\u00f1o anterior.<\/p>\n\n\n\n<p>A partir de los datos relevados por la\u00a0<strong>C\u00e1mara Argentina de Comercio y Servicios (CAC)<\/strong>\u00a0y la\u00a0<strong>Federaci\u00f3n de Mayoristas y Proveedores del Estado de la Provincia de Buenos Aires (Femape)<\/strong>, se determin\u00f3 que durante el \u00faltimo bimestre de 2025 se mantiene una preocupante aumento de locales cerrados, del orden del 150%, con respecto al mismo periodo del a\u00f1o pasado.<\/p>\n\n\n\n<p>Seg\u00fan los gr\u00e1ficos divulgados por la federaci\u00f3n, hay actualmente 15 locales cerrados contra los seis que se hab\u00edan detectado en septiembre y octubre de 2024 en la principales \u00e1reas comerciales de la ciudad.<\/p>\n\n\n\n<p>De acuerdo a las referencias del informe, se trata de locales &#8220;inactivos&#8221; porque &#8220;est\u00e1n en venta, en alquiler, fueron clausurados o est\u00e1n simplemente cerrados&#8221;.<\/p>\n\n\n\n<h2 class=\"wp-block-heading\">\u00bfCamino a la reactivaci\u00f3n en La Plata?<\/h2>\n\n\n\n<p>Las conclusiones respecto a esta variable pueden cambiar si se tiene en cuenta esa cifra en un per\u00edodo m\u00e1s corto. Espec\u00edficamente,&nbsp;si se lo compara con el bimestre anterior (julio &#8211; agosto) hay un descenso de locales cerrados: pasaron de 20 a 15, es decir un 5% menos.<\/p>\n\n\n\n<p>De todos modos, los 15 locales cerrados de septiembre-octubre forman parte de tres per\u00edodos de alza, desde los 18 que se hab\u00edan registrado entre mayo y junio. Pero la curva hab\u00eda empezado a crecer el bimestre anterior (marzo y abril), cuando se anotaron nueve locales cerrados, los que representaban un 80% m\u00e1s que los cinco del per\u00edodo enero febrero.<\/p>\n\n\n\n<figure class=\"wp-block-image\" id=\"472357-Libre-1298971663_wrap\"><img decoding=\"async\" src=\"https:\/\/media.0221.com.ar\/p\/6a21f88d098e71928c3fdd3317d2bf8c\/adjuntos\/357\/imagenes\/100\/163\/0100163201\/1400x0\/smart\/locales-comercios-cerrados-y-alquiler-2jpg.jpg\" alt=\"En el bimestre septiembre-octubre, se registraron 15 locales cerrados en La Plata\" title=\"En el bimestre septiembre-octubre, se registraron 15 locales cerrados en La Plata\"\/><figcaption class=\"wp-element-caption\">En el bimestre septiembre-octubre, se registraron 15 locales cerrados en La Plata<\/figcaption><\/figure>\n\n\n\n<p>De todos modos, ninguna de esas cifras tiene comparaci\u00f3n con el peor momento de la ca\u00edda de la actividad comercial, reflejada en la pandemia e incluso en a\u00f1os posteriores. El registro m\u00e1s antiguo del informe actual es del primer bimestre de 2022, cuando en los centros comerciales de La Plata hab\u00eda 77 locales cerrados.<\/p>\n\n\n\n<p><\/p>\n","protected":false},"excerpt":{"rendered":"<p>La cantidad de locales cerrados en los\u00a0centros comerciales\u00a0de\u00a0La Plata, una variable que puede servir para inferir cu\u00e1l es el nivel de actividad, experiment\u00f3 en septiembre y octubre una leve baja respecto al bimestre anterior, pero\u00a0sigue siendo alarmante si se tienen en cuenta los n\u00fameros del mismo per\u00edodo del a\u00f1o anterior. A partir de los datos relevados por la\u00a0C\u00e1mara Argentina de Comercio y Servicios (CAC)\u00a0y la\u00a0Federaci\u00f3n de Mayoristas y Proveedores del&hellip;<\/p>\n","protected":false},"author":3,"featured_media":37937,"comment_status":"open","ping_status":"open","sticky":false,"template":"","format":"standard","meta":{"_acf_changed":false,"footnotes":""},"categories":[2],"tags":[],"class_list":["post-41069","post","type-post","status-publish","format-standard","has-post-thumbnail","hentry","category-provincia"],"acf":[],"aioseo_notices":[],"_links":{"self":[{"href":"https:\/\/larealidaddelaplata.com.ar\/index.php\/wp-json\/wp\/v2\/posts\/41069"}],"collection":[{"href":"https:\/\/larealidaddelaplata.com.ar\/index.php\/wp-json\/wp\/v2\/posts"}],"about":[{"href":"https:\/\/larealidaddelaplata.com.ar\/index.php\/wp-json\/wp\/v2\/types\/post"}],"author":[{"embeddable":true,"href":"https:\/\/larealidaddelaplata.com.ar\/index.php\/wp-json\/wp\/v2\/users\/3"}],"replies":[{"embeddable":true,"href":"https:\/\/larealidaddelaplata.com.ar\/index.php\/wp-json\/wp\/v2\/comments?post=41069"}],"version-history":[{"count":1,"href":"https:\/\/larealidaddelaplata.com.ar\/index.php\/wp-json\/wp\/v2\/posts\/41069\/revisions"}],"predecessor-version":[{"id":41070,"href":"https:\/\/larealidaddelaplata.com.ar\/index.php\/wp-json\/wp\/v2\/posts\/41069\/revisions\/41070"}],"wp:featuredmedia":[{"embeddable":true,"href":"https:\/\/larealidaddelaplata.com.ar\/index.php\/wp-json\/wp\/v2\/media\/37937"}],"wp:attachment":[{"href":"https:\/\/larealidaddelaplata.com.ar\/index.php\/wp-json\/wp\/v2\/media?parent=41069"}],"wp:term":[{"taxonomy":"category","embeddable":true,"href":"https:\/\/larealidaddelaplata.com.ar\/index.php\/wp-json\/wp\/v2\/categories?post=41069"},{"taxonomy":"post_tag","embeddable":true,"href":"https:\/\/larealidaddelaplata.com.ar\/index.php\/wp-json\/wp\/v2\/tags?post=41069"}],"curies":[{"name":"wp","href":"https:\/\/api.w.org\/{rel}","templated":true}]}}