{"id":41071,"date":"2025-11-13T12:39:54","date_gmt":"2025-11-13T15:39:54","guid":{"rendered":"https:\/\/larealidaddelaplata.com.ar\/?p=41071"},"modified":"2025-11-13T12:40:41","modified_gmt":"2025-11-13T15:40:41","slug":"solicitan-la-destitucion-de-la-jueza-julieta-makintach-en-la-plata","status":"publish","type":"post","link":"https:\/\/larealidaddelaplata.com.ar\/index.php\/2025\/11\/13\/solicitan-la-destitucion-de-la-jueza-julieta-makintach-en-la-plata\/","title":{"rendered":"Solicitan la destituci\u00f3n de la jueza Julieta Makintach en La Plata"},"content":{"rendered":"\n<p>La jornada de alegatos en el <em>jury<\/em> de enjuiciamiento contra la jueza <strong>Julieta Makintach<\/strong>, que se desarrolla en La Plata, tuvo un desarrollo trascendental este jueves: la fiscal general de Necochea, <strong>Anal\u00eda Duarte<\/strong>, en representaci\u00f3n de la Procuraci\u00f3n General de la provincia de Buenos Aires, solicit\u00f3 la <strong>destituci\u00f3n<\/strong> de la magistrada.<\/p>\n\n\n\n<p>Makintach, que escuch\u00f3 el pedido con la cabeza en alto en la sala de audiencias &#8220;Nunca M\u00e1s&#8221; del edificio Anexo del Senado bonaerense, fue acusada por la fiscal Duarte de cometer <strong>siete faltas graves a la Ley de Magistrados y tres delitos tipificados en el C\u00f3digo Penal<\/strong>.<\/p>\n\n\n\n<p>El pedido de destituci\u00f3n no fue el \u00fanico anuncio relevante. Coincidiendo con la informaci\u00f3n adelantada por uno de los abogados adjutores, se confirm\u00f3 que la Procuraci\u00f3n solicitar\u00e1 tambi\u00e9n el <strong>juicio pol\u00edtico para los jueces Maximiliano Savarino y Ver\u00f3nica Di Tommaso<\/strong>, miembros del Tribunal Oral Criminal 3 de San Isidro. El abogado Rodolfo Baqu\u00e9 confirm\u00f3 la decisi\u00f3n a <em>0221.com.ar<\/em>, se\u00f1alando que \u201clos otros dos jueces sab\u00edan todo, son responsables tambi\u00e9n\u201d.<\/p>\n\n\n\n<h3 class=\"wp-block-heading\"><strong>El Testimonio Conmovedor de Gianinna Maradona<\/strong><\/h3>\n\n\n\n<p>El proceso de enjuiciamiento cont\u00f3 con un testimonio de alto impacto emocional: el de <strong>Gianinna Maradona<\/strong>. La hija del <em>Diez<\/em> brind\u00f3 su declaraci\u00f3n este martes en el marco del <em>jury<\/em> y no ocult\u00f3 su angustia y dolor.<\/p>\n\n\n\n<p>Conmovida y al borde del llanto, Gianinna critic\u00f3 duramente a la magistrada Makintach y record\u00f3 la profunda decepci\u00f3n que le provoc\u00f3 la grabaci\u00f3n del documental &#8220;Justicia Divina&#8221; durante el juicio por la muerte de su padre, Diego Maradona.<\/p>\n\n\n\n<p>&#8220;Yo no quer\u00eda que el juicio se detenga, no estaba de acuerdo con la suspensi\u00f3n. Despu\u00e9s lamentablemente lo logr\u00e9 entender&#8221;, relat\u00f3 Gianinna ante el tribunal. Record\u00f3 el impacto que le produjo ver las im\u00e1genes filmadas, especialmente porque en la sala de juicio hab\u00eda &#8220;carteles visibles que dec\u00edan que no se pod\u00eda filmar&#8221;.<\/p>\n\n\n\n<p>El momento m\u00e1s duro para ella fue cuando se conoci\u00f3 el material audiovisual: <strong>&#8220;El d\u00eda que se conoci\u00f3 el video se nos cay\u00f3 el mundo. Ver todo ese material, me parec\u00eda injusto, innecesario, no pod\u00eda parar de llorar. Est\u00e1bamos buscando a los asesinos de mi pap\u00e1 y me pareci\u00f3 todo muy horrible, muy injusto&#8221;<\/strong>, expres\u00f3, reflejando el dolor y la resignaci\u00f3n que atraviesa la familia desde la muerte del astro argentino.<\/p>\n\n\n\n<p><\/p>\n","protected":false},"excerpt":{"rendered":"<p>La jornada de alegatos en el jury de enjuiciamiento contra la jueza Julieta Makintach, que se desarrolla en La Plata, tuvo un desarrollo trascendental este jueves: la fiscal general de Necochea, Anal\u00eda Duarte, en representaci\u00f3n de la Procuraci\u00f3n General de la provincia de Buenos Aires, solicit\u00f3 la destituci\u00f3n de la magistrada. Makintach, que escuch\u00f3 el pedido con la cabeza en alto en la sala de audiencias &#8220;Nunca M\u00e1s&#8221; del edificio&hellip;<\/p>\n","protected":false},"author":6,"featured_media":41072,"comment_status":"open","ping_status":"open","sticky":false,"template":"","format":"standard","meta":{"_acf_changed":false,"footnotes":""},"categories":[2],"tags":[],"class_list":["post-41071","post","type-post","status-publish","format-standard","has-post-thumbnail","hentry","category-provincia"],"acf":[],"aioseo_notices":[],"_links":{"self":[{"href":"https:\/\/larealidaddelaplata.com.ar\/index.php\/wp-json\/wp\/v2\/posts\/41071"}],"collection":[{"href":"https:\/\/larealidaddelaplata.com.ar\/index.php\/wp-json\/wp\/v2\/posts"}],"about":[{"href":"https:\/\/larealidaddelaplata.com.ar\/index.php\/wp-json\/wp\/v2\/types\/post"}],"author":[{"embeddable":true,"href":"https:\/\/larealidaddelaplata.com.ar\/index.php\/wp-json\/wp\/v2\/users\/6"}],"replies":[{"embeddable":true,"href":"https:\/\/larealidaddelaplata.com.ar\/index.php\/wp-json\/wp\/v2\/comments?post=41071"}],"version-history":[{"count":2,"href":"https:\/\/larealidaddelaplata.com.ar\/index.php\/wp-json\/wp\/v2\/posts\/41071\/revisions"}],"predecessor-version":[{"id":41075,"href":"https:\/\/larealidaddelaplata.com.ar\/index.php\/wp-json\/wp\/v2\/posts\/41071\/revisions\/41075"}],"wp:featuredmedia":[{"embeddable":true,"href":"https:\/\/larealidaddelaplata.com.ar\/index.php\/wp-json\/wp\/v2\/media\/41072"}],"wp:attachment":[{"href":"https:\/\/larealidaddelaplata.com.ar\/index.php\/wp-json\/wp\/v2\/media?parent=41071"}],"wp:term":[{"taxonomy":"category","embeddable":true,"href":"https:\/\/larealidaddelaplata.com.ar\/index.php\/wp-json\/wp\/v2\/categories?post=41071"},{"taxonomy":"post_tag","embeddable":true,"href":"https:\/\/larealidaddelaplata.com.ar\/index.php\/wp-json\/wp\/v2\/tags?post=41071"}],"curies":[{"name":"wp","href":"https:\/\/api.w.org\/{rel}","templated":true}]}}