{"id":41076,"date":"2025-11-13T12:45:24","date_gmt":"2025-11-13T15:45:24","guid":{"rendered":"https:\/\/larealidaddelaplata.com.ar\/?p=41076"},"modified":"2025-11-13T12:45:26","modified_gmt":"2025-11-13T15:45:26","slug":"la-plata-anuncia-festejos-por-su-143-aniversario-con-el-mato-a-un-policia-motorizado-como-show-principal","status":"publish","type":"post","link":"https:\/\/larealidaddelaplata.com.ar\/index.php\/2025\/11\/13\/la-plata-anuncia-festejos-por-su-143-aniversario-con-el-mato-a-un-policia-motorizado-como-show-principal\/","title":{"rendered":"La Plata anuncia festejos por su 143\u00b0 aniversario con \u00c9l Mat\u00f3 a un Polic\u00eda Motorizado como show principal"},"content":{"rendered":"\n<p>La ciudad de La Plata se prepara para celebrar su <strong>143\u00b0 Aniversario<\/strong> con una semana de festejos hist\u00f3ricos. El espect\u00e1culo central y m\u00e1s esperado ser\u00e1 el concierto de <strong>\u00c9l Mat\u00f3 a un Polic\u00eda Motorizado<\/strong>, la emblem\u00e1tica banda platense liderada por Santiago Motorizado, que actuar\u00e1 el <strong>mi\u00e9rcoles 19 de noviembre en Plaza Moreno<\/strong>.<\/p>\n\n\n\n<p>La presencia de la banda promete convocar a miles de vecinos en una nueva fiesta popular, en el marco de la primera edici\u00f3n de la <strong>Semana de la M\u00fasica<\/strong>, un evento que se extender\u00e1 del <strong>15 al 22 de noviembre<\/strong> con espect\u00e1culos gratuitos de diversos g\u00e9neros<\/p>\n\n\n\n<h3 class=\"wp-block-heading\"><strong>Programa de la Semana de la M\u00fasica<\/strong><\/h3>\n\n\n\n<p>La programaci\u00f3n oficial abarca ocho jornadas con propuestas que van desde el tango y el folclore hasta el rock, el bolero y el jazz. Los escenarios estar\u00e1n distribuidos en puntos ic\u00f3nicos de la ciudad como <strong>Plaza Moreno, el Teatro Argentino, el Pasaje Dardo Rocha, el Hip\u00f3dromo y Meridiano V<\/strong>.<\/p>\n\n\n\n<figure class=\"wp-block-table\"><table class=\"has-fixed-layout\"><thead><tr><td><strong>D\u00eda<\/strong><\/td><td><strong>Hora<\/strong><\/td><td><strong>Evento \/ G\u00e9nero<\/strong><\/td><td><strong>Lugar<\/strong><\/td><\/tr><\/thead><tbody><tr><td>S\u00e1bado 15<\/td><td>18:00<\/td><td>Piazzolla Electr\u00f3nico x Nico Sor\u00edn \/ Orquesta Sinf\u00f3nica<\/td><td>Frente a la Catedral<\/td><\/tr><tr><td>Domingo 16<\/td><td>18:00<\/td><td>Misa Criolla y canto coral<\/td><td>Frente a la Catedral<\/td><\/tr><tr><td>Lunes 17<\/td><td>20:00<\/td><td>Ra\u00fal Gaggiotti y Noelia Sinkunas \/ Tango y milonga<\/td><td>Hip\u00f3dromo de La Plata<\/td><\/tr><tr><td>Martes 18<\/td><td>18:00<\/td><td>Pe\u00f1a Aniversario \/ Folclore<\/td><td>Meridiano V<\/td><\/tr><tr><td><strong>Mi\u00e9rcoles 19<\/strong><\/td><td><strong>Desde las 13:00<\/strong><\/td><td><strong>Festival 143\u00b0 Aniversario con \u00c9l Mat\u00f3 a un Polic\u00eda Motorizado<\/strong><\/td><td><strong>Plaza Moreno<\/strong><\/td><\/tr><tr><td>Jueves 20<\/td><td>18:00<\/td><td>Gala L\u00edrica<\/td><td>Teatro Argentino<\/td><\/tr><tr><td>Viernes 21<\/td><td>12:00<\/td><td>Festival sorpresa<\/td><td>Plaza Moreno<\/td><\/tr><tr><td>Viernes 21<\/td><td>21:00<\/td><td>Grandes del Jazz<\/td><td>Sal\u00f3n Dorado Municipal<\/td><\/tr><tr><td>S\u00e1bado 22<\/td><td>19:00<\/td><td>Ra\u00fal Lavi\u00e9 y Sindicato Argentino de Boleros<\/td><td>Pasaje Dardo Rocha<\/td><\/tr><tr><td>S\u00e1bado 22<\/td><td>20:00<\/td><td>Cierre con 50 centros culturales en la calle<\/td><td>Distintos puntos de la ciudad<\/td><\/tr><\/tbody><\/table><\/figure>\n","protected":false},"excerpt":{"rendered":"<p>La ciudad de La Plata se prepara para celebrar su 143\u00b0 Aniversario con una semana de festejos hist\u00f3ricos. El espect\u00e1culo central y m\u00e1s esperado ser\u00e1 el concierto de \u00c9l Mat\u00f3 a un Polic\u00eda Motorizado, la emblem\u00e1tica banda platense liderada por Santiago Motorizado, que actuar\u00e1 el mi\u00e9rcoles 19 de noviembre en Plaza Moreno. La presencia de la banda promete convocar a miles de vecinos en una nueva fiesta popular, en el&hellip;<\/p>\n","protected":false},"author":6,"featured_media":41077,"comment_status":"open","ping_status":"open","sticky":false,"template":"","format":"standard","meta":{"_acf_changed":false,"footnotes":""},"categories":[3],"tags":[],"class_list":["post-41076","post","type-post","status-publish","format-standard","has-post-thumbnail","hentry","category-la-plata"],"acf":[],"aioseo_notices":[],"_links":{"self":[{"href":"https:\/\/larealidaddelaplata.com.ar\/index.php\/wp-json\/wp\/v2\/posts\/41076"}],"collection":[{"href":"https:\/\/larealidaddelaplata.com.ar\/index.php\/wp-json\/wp\/v2\/posts"}],"about":[{"href":"https:\/\/larealidaddelaplata.com.ar\/index.php\/wp-json\/wp\/v2\/types\/post"}],"author":[{"embeddable":true,"href":"https:\/\/larealidaddelaplata.com.ar\/index.php\/wp-json\/wp\/v2\/users\/6"}],"replies":[{"embeddable":true,"href":"https:\/\/larealidaddelaplata.com.ar\/index.php\/wp-json\/wp\/v2\/comments?post=41076"}],"version-history":[{"count":1,"href":"https:\/\/larealidaddelaplata.com.ar\/index.php\/wp-json\/wp\/v2\/posts\/41076\/revisions"}],"predecessor-version":[{"id":41078,"href":"https:\/\/larealidaddelaplata.com.ar\/index.php\/wp-json\/wp\/v2\/posts\/41076\/revisions\/41078"}],"wp:featuredmedia":[{"embeddable":true,"href":"https:\/\/larealidaddelaplata.com.ar\/index.php\/wp-json\/wp\/v2\/media\/41077"}],"wp:attachment":[{"href":"https:\/\/larealidaddelaplata.com.ar\/index.php\/wp-json\/wp\/v2\/media?parent=41076"}],"wp:term":[{"taxonomy":"category","embeddable":true,"href":"https:\/\/larealidaddelaplata.com.ar\/index.php\/wp-json\/wp\/v2\/categories?post=41076"},{"taxonomy":"post_tag","embeddable":true,"href":"https:\/\/larealidaddelaplata.com.ar\/index.php\/wp-json\/wp\/v2\/tags?post=41076"}],"curies":[{"name":"wp","href":"https:\/\/api.w.org\/{rel}","templated":true}]}}