{"id":41079,"date":"2025-11-13T19:27:38","date_gmt":"2025-11-13T22:27:38","guid":{"rendered":"https:\/\/larealidaddelaplata.com.ar\/?p=41079"},"modified":"2025-11-13T19:27:42","modified_gmt":"2025-11-13T22:27:42","slug":"los-trabajadores-nodocentes-de-la-unlp-confirmaron-un-nuevo-paro-y-se-profundiza-el-conflicto-universitario","status":"publish","type":"post","link":"https:\/\/larealidaddelaplata.com.ar\/index.php\/2025\/11\/13\/los-trabajadores-nodocentes-de-la-unlp-confirmaron-un-nuevo-paro-y-se-profundiza-el-conflicto-universitario\/","title":{"rendered":"Los trabajadores nodocentes de la UNLP confirmaron un nuevo paro y se profundiza el conflicto universitario"},"content":{"rendered":"\n<p>En medio del conflicto que atraviesa la\u00a0<strong>Universidad Nacional de La Plata (UNLP)<\/strong>, la\u00a0<strong>Asociaci\u00f3n de Trabajadores de la UNLP (Atulp)<\/strong>\u00a0confirm\u00f3 un\u00a0<strong>paro<\/strong>\u00a0total de actividades sin concurrencia\u00a0para el pr\u00f3ximo jueves 20 de noviembre, en reclamo de la aplicaci\u00f3n de la\u00a0<strong>Ley de Financiamiento Universitario<\/strong>\u00a0por parte del gobierno nacional.<\/p>\n\n\n\n<p>La medida fue resuelta en l\u00ednea con la definici\u00f3n del Consejo Directivo de la&nbsp;<strong>Federaci\u00f3n Argentina de Trabajadores de Universidades Nacionales (FATUN)<\/strong>, que convoc\u00f3 a un paro nacional de 24 horas y una jornada de visibilizaci\u00f3n del conflicto.<\/p>\n\n\n\n<p>En el caso de los\u00a0<strong>nodocentes<\/strong>\u00a0platenses,\u00a0el paro se realizar\u00e1 el jueves debido a que el mi\u00e9rcoles 19 las facultades permanecer\u00e1n cerradas por el 143\u00b0 aniversario de<strong>\u00a0La Plata<\/strong>.<\/p>\n\n\n\n<p>En el comunicado difundido por ATULP, el gremio expres\u00f3:&nbsp;&#8220;Los trabajadores nodocentes paramos porque creemos en la defensa de la educaci\u00f3n p\u00fablica en todo sentido, pero por sobre todas las cosas, creemos que el futuro del pa\u00eds es con m\u00e1s y mejores universidades&#8221;.<\/p>\n\n\n\n<figure class=\"wp-block-image\" id=\"532188-Libre-1569737839_wrap\"><img decoding=\"async\" src=\"https:\/\/media.0221.com.ar\/p\/c2f9cd7ad6fc9b667a903ae5c17b57ae\/adjuntos\/357\/imagenes\/100\/255\/0100255962\/1400x0\/smart\/580932704_1459279936206849_5646725790977553446_n.jpg\" alt=\"Atulp convoc\u00f3 a un paro total sin concurrencia para el jueves 20 de noviembre, en reclamo por la Ley de Financiamiento Universitario\" title=\"Atulp convoc\u00f3 a un paro total sin concurrencia para el jueves 20 de noviembre, en reclamo por la Ley de Financiamiento Universitario\"\/><figcaption class=\"wp-element-caption\">Atulp convoc\u00f3 a un paro total sin concurrencia para el jueves 20 de noviembre, en reclamo por la Ley de Financiamiento Universitario<\/figcaption><\/figure>\n\n\n\n<p>El texto tambi\u00e9n cuestiona al Poder Ejecutivo Nacional, al que acusan de no respetar &#8220;el mandato popular de garantizar el normal funcionamiento de las universidades nacionales&#8221; y de sostener &#8220;un ajuste que ahoga y pone en peligro todo el sistema universitario&#8221;.<\/p>\n\n\n\n<h2 class=\"wp-block-heading\">Escala el conflicto y la UNLP suma un nuevo paro<\/h2>\n\n\n\n<p>&#8220;A 41 d\u00edas de ese hist\u00f3rico 2 de octubre, en que se rechaz\u00f3 el veto presidencial a la Ley de Financiamiento Universitario en el Senado de la Naci\u00f3n, el Poder Ejecutivo nacional contin\u00faa evitando su aplicaci\u00f3n, erosionando as\u00ed el sistema democr\u00e1tico de nuestro pa\u00eds&#8221;, remarc\u00f3 la organizaci\u00f3n gremial.<\/p>\n\n\n\n<p>Desde FATUN, por su parte, anunciaron que iniciar\u00e1n acciones judiciales para forzar la aplicaci\u00f3n de la ley y coordinar nuevas medidas conjuntas, al tiempo que subrayaron la cr\u00edtica situaci\u00f3n salarial y econ\u00f3mica de los trabajadores no docentes, agravada por la falta de actualizaci\u00f3n presupuestaria.<\/p>\n\n\n\n<p>En paralelo, las autoridades de la UNLP y los representantes de ATULP firmaron en las \u00faltimas horas\u00a0un acuerdo para el pago de un bono extraordinario de $150.000, que ser\u00e1 depositado junto con los salarios de noviembre a todos los trabajadores del sector.<\/p>\n\n\n\n<p>El nuevo paro nodocente se suma a una semana ya marcada por tres d\u00edas consecutivos de paro docente, entre el mi\u00e9rcoles 12 y el viernes 14, lo que deja a la UNLP con seis d\u00edas de actividad interrumpida en menos de diez jornadas si se tienen en cuenta las jornadas no laborables del mi\u00e9rcoles 19 y el viernes 21 de noviembre. A esos d\u00edas se agrega una s\u00e9ptima jornada de inactividad el lunes 24, que es feriado por el D\u00eda de la Soberan\u00eda.<\/p>\n\n\n\n<p>El reclamo, tanto de docentes como de nodocentes, gira en torno al mismo eje:&nbsp;&#8220;Sin salarios dignos, no hay universidad; sin universidad, no hay futuro&#8221;.<\/p>\n","protected":false},"excerpt":{"rendered":"<p>En medio del conflicto que atraviesa la\u00a0Universidad Nacional de La Plata (UNLP), la\u00a0Asociaci\u00f3n de Trabajadores de la UNLP (Atulp)\u00a0confirm\u00f3 un\u00a0paro\u00a0total de actividades sin concurrencia\u00a0para el pr\u00f3ximo jueves 20 de noviembre, en reclamo de la aplicaci\u00f3n de la\u00a0Ley de Financiamiento Universitario\u00a0por parte del gobierno nacional. La medida fue resuelta en l\u00ednea con la definici\u00f3n del Consejo Directivo de la&nbsp;Federaci\u00f3n Argentina de Trabajadores de Universidades Nacionales (FATUN), que convoc\u00f3 a un paro&hellip;<\/p>\n","protected":false},"author":3,"featured_media":41080,"comment_status":"open","ping_status":"open","sticky":false,"template":"","format":"standard","meta":{"_acf_changed":false,"footnotes":""},"categories":[2],"tags":[],"class_list":["post-41079","post","type-post","status-publish","format-standard","has-post-thumbnail","hentry","category-provincia"],"acf":[],"aioseo_notices":[],"_links":{"self":[{"href":"https:\/\/larealidaddelaplata.com.ar\/index.php\/wp-json\/wp\/v2\/posts\/41079"}],"collection":[{"href":"https:\/\/larealidaddelaplata.com.ar\/index.php\/wp-json\/wp\/v2\/posts"}],"about":[{"href":"https:\/\/larealidaddelaplata.com.ar\/index.php\/wp-json\/wp\/v2\/types\/post"}],"author":[{"embeddable":true,"href":"https:\/\/larealidaddelaplata.com.ar\/index.php\/wp-json\/wp\/v2\/users\/3"}],"replies":[{"embeddable":true,"href":"https:\/\/larealidaddelaplata.com.ar\/index.php\/wp-json\/wp\/v2\/comments?post=41079"}],"version-history":[{"count":1,"href":"https:\/\/larealidaddelaplata.com.ar\/index.php\/wp-json\/wp\/v2\/posts\/41079\/revisions"}],"predecessor-version":[{"id":41081,"href":"https:\/\/larealidaddelaplata.com.ar\/index.php\/wp-json\/wp\/v2\/posts\/41079\/revisions\/41081"}],"wp:featuredmedia":[{"embeddable":true,"href":"https:\/\/larealidaddelaplata.com.ar\/index.php\/wp-json\/wp\/v2\/media\/41080"}],"wp:attachment":[{"href":"https:\/\/larealidaddelaplata.com.ar\/index.php\/wp-json\/wp\/v2\/media?parent=41079"}],"wp:term":[{"taxonomy":"category","embeddable":true,"href":"https:\/\/larealidaddelaplata.com.ar\/index.php\/wp-json\/wp\/v2\/categories?post=41079"},{"taxonomy":"post_tag","embeddable":true,"href":"https:\/\/larealidaddelaplata.com.ar\/index.php\/wp-json\/wp\/v2\/tags?post=41079"}],"curies":[{"name":"wp","href":"https:\/\/api.w.org\/{rel}","templated":true}]}}