{"id":41082,"date":"2025-11-14T14:45:12","date_gmt":"2025-11-14T17:45:12","guid":{"rendered":"https:\/\/larealidaddelaplata.com.ar\/?p=41082"},"modified":"2025-11-14T14:45:15","modified_gmt":"2025-11-14T17:45:15","slug":"arranca-la-semana-de-la-musica-con-shows-para-celebrar-el-aniversario-de-la-plata","status":"publish","type":"post","link":"https:\/\/larealidaddelaplata.com.ar\/index.php\/2025\/11\/14\/arranca-la-semana-de-la-musica-con-shows-para-celebrar-el-aniversario-de-la-plata\/","title":{"rendered":"Arranca la Semana de la M\u00fasica con shows para celebrar el Aniversario de La Plata"},"content":{"rendered":"\n<p>Este s\u00e1bado iniciar\u00e1 la primera edici\u00f3n de la\u00a0<strong>Semana de la M\u00fasica<\/strong>, un ciclo que se desarrollar\u00e1 del 15 al 22 de noviembre con una programaci\u00f3n gratuita en diferentes espacios de la ciudad para celebrar el\u00a0<strong>Aniversario de La Plata<\/strong>. La propuesta, organizada por la<strong>\u00a0Municipalidad<\/strong>\u00a0incluye actividades para todas las edades y contempla g\u00e9neros variados que ocupar\u00e1n el espacio p\u00fablico durante ocho d\u00edas.<\/p>\n\n\n\n<p>El evento comenzar\u00e1 el s\u00e1bado, frente a la&nbsp;<strong>Catedral<\/strong>, con la presentaci\u00f3n de&nbsp;<strong>Piazzolla Electr\u00f3nico<\/strong>, a cargo de&nbsp;<strong>Nicol\u00e1s Sor\u00edn<\/strong>, desde las 18. El concierto ser\u00e1 un homenaje que reunir\u00e1 elementos del tango y la electr\u00f3nica en las escalinatas del templo, como apertura oficial del cronograma cultural de la semana.<\/p>\n\n\n\n<p>La agenda continuar\u00e1 el domingo 16 con la interpretaci\u00f3n de la&nbsp;<strong>Misa Criolla<\/strong>, compuesta por&nbsp;<strong>Ariel Ram\u00edrez<\/strong>. La tradici\u00f3n coral ser\u00e1 el eje de la jornada, tambi\u00e9n en la Catedral, desde las 18. Esta obra, considerada un cl\u00e1sico argentino y latinoamericano, marcar\u00e1 uno de los momentos destacados de las actividades iniciales.<\/p>\n\n\n\n<p>El lunes 17, el Hip\u00f3dromo ser\u00e1 sede de una noche de tango y milonga desde las 20.&nbsp;El martes 18&nbsp;<strong>Meridiano V&nbsp;<\/strong>recibir\u00e1 una pe\u00f1a folcl\u00f3rica aniversario desde las 18, con m\u00fasica, danza y participaci\u00f3n comunitaria. Ambas fechas completar\u00e1n la primera mitad del calendario previsto por la organizaci\u00f3n municipal.<\/p>\n\n\n\n<figure class=\"wp-block-image\" id=\"532288-Libre-1438679522_wrap\"><img decoding=\"async\" src=\"https:\/\/media.0221.com.ar\/p\/3327be0ee8555ee6587af770014a7984\/adjuntos\/357\/imagenes\/100\/256\/0100256058\/1400x0\/smart\/semana-la-musica.jpeg\" alt=\"\" title=\"\"\/><\/figure>\n\n\n\n<h2 class=\"wp-block-heading\">Las activades centrales en el aniversario de La Plata<\/h2>\n\n\n\n<p>El mi\u00e9rcoles 19 llegar\u00e1 uno de los puntos principales de la Semana de la M\u00fasica: el festival por el 143\u00b0 aniversario de\u00a0<strong>La Plata<\/strong>, que tendr\u00e1 lugar en\u00a0<strong>Plaza Moreno<\/strong>. La celebraci\u00f3n reunir\u00e1 a bandas locales y nacionales y ofrecer\u00e1 un escenario abierto para vecinos y visitantes en el coraz\u00f3n de la ciudad.<\/p>\n\n\n\n<p>El jueves 20 la programaci\u00f3n continuar\u00e1 con una gala l\u00edrica en el&nbsp;<strong>Centro Provincial de las Artes Teatro Argentino<\/strong>, programada para las 20.30. La actividad requerir\u00e1 reserva previa de entradas y formar\u00e1 parte del segmento dedicado a propuestas acad\u00e9micas, con artistas vinculados al repertorio sinf\u00f3nico y vocal.<\/p>\n\n\n\n<p>El viernes 21 la m\u00fasica volver\u00e1 a&nbsp;<strong>Plaza Moreno<\/strong>&nbsp;con un festival sorpresa que se desarrollar\u00e1 desde el mediod\u00eda. Por la noche, el Sal\u00f3n Dorado del Palacio Municipal sumar\u00e1 una nueva edici\u00f3n del ciclo Grandes del Jazz, previsto para las 21, con capacidad limitada y presentaciones de distintos artistas del g\u00e9nero.<\/p>\n\n\n\n<p>El cierre ser\u00e1 el s\u00e1bado 22, D\u00eda de la M\u00fasica, con un espect\u00e1culo de boleros encabezado por&nbsp;<strong>Ra\u00fal Lavi\u00e9<\/strong>&nbsp;en el&nbsp;<strong>Centro Municipal de las Artes Pasaje Dardo Rocha<\/strong>&nbsp;desde las 19. A las 20, centros culturales de la ciudad llevar\u00e1n propuestas propias a las calles para convertir diversos rincones en escenarios abiertos.<\/p>\n","protected":false},"excerpt":{"rendered":"<p>Este s\u00e1bado iniciar\u00e1 la primera edici\u00f3n de la\u00a0Semana de la M\u00fasica, un ciclo que se desarrollar\u00e1 del 15 al 22 de noviembre con una programaci\u00f3n gratuita en diferentes espacios de la ciudad para celebrar el\u00a0Aniversario de La Plata. La propuesta, organizada por la\u00a0Municipalidad\u00a0incluye actividades para todas las edades y contempla g\u00e9neros variados que ocupar\u00e1n el espacio p\u00fablico durante ocho d\u00edas. El evento comenzar\u00e1 el s\u00e1bado, frente a la&nbsp;Catedral, con la&hellip;<\/p>\n","protected":false},"author":3,"featured_media":41083,"comment_status":"open","ping_status":"open","sticky":false,"template":"","format":"standard","meta":{"_acf_changed":false,"footnotes":""},"categories":[2],"tags":[],"class_list":["post-41082","post","type-post","status-publish","format-standard","has-post-thumbnail","hentry","category-provincia"],"acf":[],"aioseo_notices":[],"_links":{"self":[{"href":"https:\/\/larealidaddelaplata.com.ar\/index.php\/wp-json\/wp\/v2\/posts\/41082"}],"collection":[{"href":"https:\/\/larealidaddelaplata.com.ar\/index.php\/wp-json\/wp\/v2\/posts"}],"about":[{"href":"https:\/\/larealidaddelaplata.com.ar\/index.php\/wp-json\/wp\/v2\/types\/post"}],"author":[{"embeddable":true,"href":"https:\/\/larealidaddelaplata.com.ar\/index.php\/wp-json\/wp\/v2\/users\/3"}],"replies":[{"embeddable":true,"href":"https:\/\/larealidaddelaplata.com.ar\/index.php\/wp-json\/wp\/v2\/comments?post=41082"}],"version-history":[{"count":1,"href":"https:\/\/larealidaddelaplata.com.ar\/index.php\/wp-json\/wp\/v2\/posts\/41082\/revisions"}],"predecessor-version":[{"id":41084,"href":"https:\/\/larealidaddelaplata.com.ar\/index.php\/wp-json\/wp\/v2\/posts\/41082\/revisions\/41084"}],"wp:featuredmedia":[{"embeddable":true,"href":"https:\/\/larealidaddelaplata.com.ar\/index.php\/wp-json\/wp\/v2\/media\/41083"}],"wp:attachment":[{"href":"https:\/\/larealidaddelaplata.com.ar\/index.php\/wp-json\/wp\/v2\/media?parent=41082"}],"wp:term":[{"taxonomy":"category","embeddable":true,"href":"https:\/\/larealidaddelaplata.com.ar\/index.php\/wp-json\/wp\/v2\/categories?post=41082"},{"taxonomy":"post_tag","embeddable":true,"href":"https:\/\/larealidaddelaplata.com.ar\/index.php\/wp-json\/wp\/v2\/tags?post=41082"}],"curies":[{"name":"wp","href":"https:\/\/api.w.org\/{rel}","templated":true}]}}