{"id":41085,"date":"2025-11-14T17:39:25","date_gmt":"2025-11-14T20:39:25","guid":{"rendered":"https:\/\/larealidaddelaplata.com.ar\/?p=41085"},"modified":"2025-11-14T17:39:34","modified_gmt":"2025-11-14T20:39:34","slug":"una-joven-denuncio-haber-sido-abusada-en-el-parque-pereyra","status":"publish","type":"post","link":"https:\/\/larealidaddelaplata.com.ar\/index.php\/2025\/11\/14\/una-joven-denuncio-haber-sido-abusada-en-el-parque-pereyra\/","title":{"rendered":"Una joven denunci\u00f3 haber sido abusada en el Parque Pereyra"},"content":{"rendered":"\n<p>Una joven de 25 a\u00f1os de\u00a0<strong>La Plata<\/strong>\u00a0denunci\u00f3 haber sido abusada en medio de un robo. Seg\u00fan su relato, el ladr\u00f3n la sorprendi\u00f3 cuando estaba por arrancar su auto, la oblig\u00f3 a permanecer dentro del veh\u00edculo y la llev\u00f3 hasta el\u00a0<strong>Parque Pereyra Iraola<\/strong>, donde la abus\u00f3 sexualmente.\u00a0<\/p>\n\n\n\n<p>La secuencia comenz\u00f3 en\u00a0<strong>City Bell<\/strong>\u00a0luego de que la v\u00edctima\u00a0terminase su\u00a0jornada laboral. Ya hab\u00eda entrado a su auto cuando se le acerc\u00f3 un hombre con un arma de fuego.<\/p>\n\n\n\n<p>El primer impulso de la chica&nbsp;fue entregarle las llaves del auto y huir, pero el asaltante no la dej\u00f3 escapar: tom\u00f3 el volante, la oblig\u00f3 a quedarse en el auto y a apagar su celular.<\/p>\n\n\n\n<p>El delincuente condujo hasta el\u00a0<strong>Parque Pereyra Iraola<\/strong>. Al llegar la joven intent\u00f3 escapar, pero el hombre la alcanz\u00f3 y la llev\u00f3 nuevamente al auto, donde abus\u00f3 de ella, seg\u00fan indic\u00f3 el diario\u00a0<em>El D\u00eda.<\/em><\/p>\n\n\n\n<p>Luego de lo sucedido, la v\u00edctima realiz\u00f3 la denuncia policial, pero por el momento no hay ning\u00fan tipo de informaci\u00f3n sobre la identidad del delincuente.&nbsp;<\/p>\n","protected":false},"excerpt":{"rendered":"<p>Una joven de 25 a\u00f1os de\u00a0La Plata\u00a0denunci\u00f3 haber sido abusada en medio de un robo. Seg\u00fan su relato, el ladr\u00f3n la sorprendi\u00f3 cuando estaba por arrancar su auto, la oblig\u00f3 a permanecer dentro del veh\u00edculo y la llev\u00f3 hasta el\u00a0Parque Pereyra Iraola, donde la abus\u00f3 sexualmente.\u00a0 La secuencia comenz\u00f3 en\u00a0City Bell\u00a0luego de que la v\u00edctima\u00a0terminase su\u00a0jornada laboral. Ya hab\u00eda entrado a su auto cuando se le acerc\u00f3 un hombre con&hellip;<\/p>\n","protected":false},"author":3,"featured_media":30349,"comment_status":"open","ping_status":"open","sticky":false,"template":"","format":"standard","meta":{"_acf_changed":false,"footnotes":""},"categories":[2],"tags":[],"class_list":["post-41085","post","type-post","status-publish","format-standard","has-post-thumbnail","hentry","category-provincia"],"acf":[],"aioseo_notices":[],"_links":{"self":[{"href":"https:\/\/larealidaddelaplata.com.ar\/index.php\/wp-json\/wp\/v2\/posts\/41085"}],"collection":[{"href":"https:\/\/larealidaddelaplata.com.ar\/index.php\/wp-json\/wp\/v2\/posts"}],"about":[{"href":"https:\/\/larealidaddelaplata.com.ar\/index.php\/wp-json\/wp\/v2\/types\/post"}],"author":[{"embeddable":true,"href":"https:\/\/larealidaddelaplata.com.ar\/index.php\/wp-json\/wp\/v2\/users\/3"}],"replies":[{"embeddable":true,"href":"https:\/\/larealidaddelaplata.com.ar\/index.php\/wp-json\/wp\/v2\/comments?post=41085"}],"version-history":[{"count":1,"href":"https:\/\/larealidaddelaplata.com.ar\/index.php\/wp-json\/wp\/v2\/posts\/41085\/revisions"}],"predecessor-version":[{"id":41086,"href":"https:\/\/larealidaddelaplata.com.ar\/index.php\/wp-json\/wp\/v2\/posts\/41085\/revisions\/41086"}],"wp:featuredmedia":[{"embeddable":true,"href":"https:\/\/larealidaddelaplata.com.ar\/index.php\/wp-json\/wp\/v2\/media\/30349"}],"wp:attachment":[{"href":"https:\/\/larealidaddelaplata.com.ar\/index.php\/wp-json\/wp\/v2\/media?parent=41085"}],"wp:term":[{"taxonomy":"category","embeddable":true,"href":"https:\/\/larealidaddelaplata.com.ar\/index.php\/wp-json\/wp\/v2\/categories?post=41085"},{"taxonomy":"post_tag","embeddable":true,"href":"https:\/\/larealidaddelaplata.com.ar\/index.php\/wp-json\/wp\/v2\/tags?post=41085"}],"curies":[{"name":"wp","href":"https:\/\/api.w.org\/{rel}","templated":true}]}}