{"id":41087,"date":"2025-11-15T16:44:08","date_gmt":"2025-11-15T19:44:08","guid":{"rendered":"https:\/\/larealidaddelaplata.com.ar\/?p=41087"},"modified":"2025-11-15T16:44:11","modified_gmt":"2025-11-15T19:44:11","slug":"estafa-millonaria-a-400-estudiantes-que-se-quedaron-sin-fiesta-de-egresados","status":"publish","type":"post","link":"https:\/\/larealidaddelaplata.com.ar\/index.php\/2025\/11\/15\/estafa-millonaria-a-400-estudiantes-que-se-quedaron-sin-fiesta-de-egresados\/","title":{"rendered":"Estafa millonaria a 400 estudiantes que se quedaron sin fiesta de egresados"},"content":{"rendered":"\n<p>La cancelaci\u00f3n inesperada de la fiesta de fin de a\u00f1o en el sal\u00f3n L\u00edmite de Berisso dej\u00f3 perplejos a estudiantes, madres, padres y docentes de diez colegios de la ciudad de La Plata.<\/p>\n\n\n\n<p>A solo dos d\u00edas del evento, previsto originalmente para este jueves, los organizadores comunicaron la suspensi\u00f3n sin ofrecer una soluci\u00f3n alternativa ni devolver los 10 millones de pesos abonados por las familias desde mayo.<\/p>\n\n\n\n<p>El hecho motiv\u00f3 una reacci\u00f3n inmediata que incluy\u00f3 protesta en el local y consultas a las autoridades municipales, mientras crecen las dudas sobre el destino del dinero y la legalidad de la operaci\u00f3n.<\/p>\n\n\n\n<p>El impacto en la comunidad escolar se profundiz\u00f3 cuando las familias confirmaron que, tras meses de preparaci\u00f3n y una inversi\u00f3n significativa, no existe por el momento claridad sobre la posibilidad de reprogramaci\u00f3n ni el reembolso de los fondos.<\/p>\n\n\n\n<p>La decisi\u00f3n gener\u00f3 susceptibilidad entre los estudiantes de quinto a\u00f1o, quienes esperaban celebrar la tradicional Fiesta PP (Presentaci\u00f3n de Promoci\u00f3n), un hito escolar que marca su transici\u00f3n a la etapa de egresados.<\/p>\n\n\n\n<p>Seg\u00fan expresaron en declaraciones recogidas por el mismo portal platense, la decepci\u00f3n es generalizada y la desconfianza hacia la organizaci\u00f3n crece con el paso de las horas.<\/p>\n\n\n\n<p>Los reclamos aumentaron todav\u00eda m\u00e1s al difundirse que la due\u00f1a del sal\u00f3n L\u00edmite, ubicado en la intersecci\u00f3n de las calles 122 y 58 de Berisso, no ofreci\u00f3 ninguna clase de compensaci\u00f3n inmediata y evit\u00f3 brindar explicaciones claras respecto de la situaci\u00f3n del establecimiento.<\/p>\n\n\n\n<p>Padres, madres y representantes de los alumnos, al verse sin respuestas concretas, iniciaron gestiones formales ante la Municipalidad y evaluaban acciones legales, aunque hasta el momento no se ha iniciado seguimiento judicial.<\/p>\n\n\n\n<p>De acuerdo con el testimonio de varias madres, la contrataci\u00f3n del sal\u00f3n L\u00edmite se realiz\u00f3 en mayo, tras la firma de un contrato en el que se detallaban servicios como barra libre, seguridad y ambulancia para mil personas, de los cuales 400 eran estudiantes, 50 padres y el resto invitados.<\/p>\n\n\n\n<p>El acuerdo se cerr\u00f3 durante el primer encuentro entre las familias y la responsable del local, quien garantiz\u00f3 el espacio para la celebraci\u00f3n el jueves 13 de noviembre.<\/p>\n\n\n\n<p>A lo largo de los meses siguientes, la comunicaci\u00f3n con la due\u00f1a del sal\u00f3n L\u00edmite fue limitada. Solo existieron dos reuniones: una para la firma del contrato y otra, la semana previa al evento.<\/p>\n\n\n\n<p>En ese segundo encuentro, las familias esperaban recibir las pulseras de ingreso y coordinar detalles log\u00edsticos, pero la organizadora inform\u00f3 sobre un desperfecto t\u00e9cnico que impedir\u00eda el uso del local durante al menos tres d\u00edas. Ante esa explicaci\u00f3n, seg\u00fan declar\u00f3 Claudia, madre de una alumna afectada, la responsable no ofreci\u00f3 posibilidad de reubicaci\u00f3n ni comprometi\u00f3 la devoluci\u00f3n de los fondos invertidos.<\/p>\n\n\n\n<p>La situaci\u00f3n empeor\u00f3 cuando madres y padres se enteraron de que el local \u201cestaba clausurado desde mediados de este a\u00f1o\u201d, de acuerdo a una comunicaci\u00f3n brindada por la Municipalidad. Esta revelaci\u00f3n gener\u00f3 mayor incertidumbre, pues el conflicto ya no solo se limitaba a un problema t\u00e9cnico, sino que involucraba un posible impedimento administrativo de fondo.<\/p>\n\n\n\n<p>Frente al panorama de incertidumbre, familias de los alumnos afectados decidieron movilizarse y protestar en la puerta del boliche la noche previa al evento, exigiendo la devoluci\u00f3n del dinero y una respuesta oficial. La tensi\u00f3n creci\u00f3 cuando intentaron radicar la denuncia en la comisar\u00eda de Berisso y dicha dependencia les indic\u00f3 dirigirse directamente a Fiscal\u00eda.<\/p>\n\n\n\n<p>En medio de las gestiones, la organizadora propuso el d\u00eda anterior a la fiesta el traslado del evento a otro espacio, pero r\u00e1pidamente se retract\u00f3 y cancel\u00f3 tambi\u00e9n esa opci\u00f3n, sin ofrecer alternativas sustentables. Seg\u00fan el relato de Claudia, cada vez que las familias piden el reembolso la responsable \u201cdeja de responder los mensajes\u201d.<\/p>\n\n\n\n<p>Una de las madres manifest\u00f3 que nunca recibieron una respuesta formal del boliche ni de su titular, ni lograron obtener informaci\u00f3n econ\u00f3mica que permita pensar en la realizaci\u00f3n del evento en un lugar diferente.<\/p>\n\n\n\n<p>L\u00edmite, hasta el momento mantiene silencio p\u00fablico y no ha emitido ninguna declaraci\u00f3n en torno a la suspensi\u00f3n del evento ni sobre el futuro del dinero depositado.<\/p>\n","protected":false},"excerpt":{"rendered":"<p>La cancelaci\u00f3n inesperada de la fiesta de fin de a\u00f1o en el sal\u00f3n L\u00edmite de Berisso dej\u00f3 perplejos a estudiantes, madres, padres y docentes de diez colegios de la ciudad de La Plata. A solo dos d\u00edas del evento, previsto originalmente para este jueves, los organizadores comunicaron la suspensi\u00f3n sin ofrecer una soluci\u00f3n alternativa ni devolver los 10 millones de pesos abonados por las familias desde mayo. El hecho motiv\u00f3&hellip;<\/p>\n","protected":false},"author":2,"featured_media":41088,"comment_status":"open","ping_status":"open","sticky":false,"template":"","format":"standard","meta":{"_acf_changed":false,"footnotes":""},"categories":[13],"tags":[1827],"class_list":["post-41087","post","type-post","status-publish","format-standard","has-post-thumbnail","hentry","category-sociedad","tag-estafa"],"acf":[],"aioseo_notices":[],"_links":{"self":[{"href":"https:\/\/larealidaddelaplata.com.ar\/index.php\/wp-json\/wp\/v2\/posts\/41087"}],"collection":[{"href":"https:\/\/larealidaddelaplata.com.ar\/index.php\/wp-json\/wp\/v2\/posts"}],"about":[{"href":"https:\/\/larealidaddelaplata.com.ar\/index.php\/wp-json\/wp\/v2\/types\/post"}],"author":[{"embeddable":true,"href":"https:\/\/larealidaddelaplata.com.ar\/index.php\/wp-json\/wp\/v2\/users\/2"}],"replies":[{"embeddable":true,"href":"https:\/\/larealidaddelaplata.com.ar\/index.php\/wp-json\/wp\/v2\/comments?post=41087"}],"version-history":[{"count":1,"href":"https:\/\/larealidaddelaplata.com.ar\/index.php\/wp-json\/wp\/v2\/posts\/41087\/revisions"}],"predecessor-version":[{"id":41089,"href":"https:\/\/larealidaddelaplata.com.ar\/index.php\/wp-json\/wp\/v2\/posts\/41087\/revisions\/41089"}],"wp:featuredmedia":[{"embeddable":true,"href":"https:\/\/larealidaddelaplata.com.ar\/index.php\/wp-json\/wp\/v2\/media\/41088"}],"wp:attachment":[{"href":"https:\/\/larealidaddelaplata.com.ar\/index.php\/wp-json\/wp\/v2\/media?parent=41087"}],"wp:term":[{"taxonomy":"category","embeddable":true,"href":"https:\/\/larealidaddelaplata.com.ar\/index.php\/wp-json\/wp\/v2\/categories?post=41087"},{"taxonomy":"post_tag","embeddable":true,"href":"https:\/\/larealidaddelaplata.com.ar\/index.php\/wp-json\/wp\/v2\/tags?post=41087"}],"curies":[{"name":"wp","href":"https:\/\/api.w.org\/{rel}","templated":true}]}}