{"id":41157,"date":"2025-11-25T15:48:33","date_gmt":"2025-11-25T18:48:33","guid":{"rendered":"https:\/\/larealidaddelaplata.com.ar\/?p=41157"},"modified":"2025-11-25T15:48:36","modified_gmt":"2025-11-25T18:48:36","slug":"volco-un-micro-en-ruta-2-y-murieron-dos-personas","status":"publish","type":"post","link":"https:\/\/larealidaddelaplata.com.ar\/index.php\/2025\/11\/25\/volco-un-micro-en-ruta-2-y-murieron-dos-personas\/","title":{"rendered":"Volc\u00f3 un micro en Ruta 2 y murieron dos personas"},"content":{"rendered":"\n<p><br>Un micro de larga distancia volc\u00f3 este martes en la\u00a0<strong>Ruta 2<\/strong>, a la altura de\u00a0<strong>General Pir\u00e1n<\/strong>\u00a0(partido de\u00a0<strong>Mar Chiquita<\/strong>) y dej\u00f3 como consecuencia dos muertos y varios heridos, dos de ellos de gravedad.<\/p>\n\n\n\n<p>El colectivo, de la empresa&nbsp;<strong>Turismo New Bus<\/strong>, llevaba unos 56 pasajeros que hab\u00edan salido de Mor\u00f3n, Moreno y Ciudadela (partido de Tres de Febrero) con destino a&nbsp;<strong>Mar del Plata<\/strong>.<\/p>\n\n\n\n<p>Iban a participar del 1\u00ba Encuentro Internacional de H\u00e1bitat Popular organizado por el Organismo Provincial de Integraci\u00f3n Social y Urbana (OPISU). La actividad fue suspendida tras el siniestro fatal, seg\u00fan inform\u00f3 La Capital.<\/p>\n\n\n\n<p>Al menos 15 heridos fueron trasladados al hospital de&nbsp;<strong>Coronel Vidal<\/strong>, dos al HIGA de&nbsp;<strong>Mar del Plata<\/strong>&nbsp;y otros ser\u00e1n llevados al centro de salud de&nbsp;<strong>General Pir\u00e1n<\/strong>.<\/p>\n\n\n\n<p>En el lugar trabajaron Bomberos Voluntarios de\u00a0<strong>Pir\u00e1n<\/strong>\u00a0y\u00a0<strong>Vidal<\/strong>, junto con ambulancias de la empresa AUBASA y de los hospitales de la zona, que realizan tareas para asistir a los heridos y trasladarlos.<\/p>\n\n\n\n<p>La investigaci\u00f3n del caso qued\u00f3 a cargo del fiscal&nbsp;<strong>Germ\u00e1n Vera Tapia<\/strong>, de la Fiscal\u00eda de Delitos Culposos N\u00b010 de Mar del Plata.<\/p>\n","protected":false},"excerpt":{"rendered":"<p>Un micro de larga distancia volc\u00f3 este martes en la\u00a0Ruta 2, a la altura de\u00a0General Pir\u00e1n\u00a0(partido de\u00a0Mar Chiquita) y dej\u00f3 como consecuencia dos muertos y varios heridos, dos de ellos de gravedad. El colectivo, de la empresa&nbsp;Turismo New Bus, llevaba unos 56 pasajeros que hab\u00edan salido de Mor\u00f3n, Moreno y Ciudadela (partido de Tres de Febrero) con destino a&nbsp;Mar del Plata. Iban a participar del 1\u00ba Encuentro Internacional de H\u00e1bitat&hellip;<\/p>\n","protected":false},"author":3,"featured_media":41158,"comment_status":"open","ping_status":"open","sticky":false,"template":"","format":"standard","meta":{"_acf_changed":false,"footnotes":""},"categories":[2],"tags":[],"class_list":["post-41157","post","type-post","status-publish","format-standard","has-post-thumbnail","hentry","category-provincia"],"acf":[],"aioseo_notices":[],"_links":{"self":[{"href":"https:\/\/larealidaddelaplata.com.ar\/index.php\/wp-json\/wp\/v2\/posts\/41157"}],"collection":[{"href":"https:\/\/larealidaddelaplata.com.ar\/index.php\/wp-json\/wp\/v2\/posts"}],"about":[{"href":"https:\/\/larealidaddelaplata.com.ar\/index.php\/wp-json\/wp\/v2\/types\/post"}],"author":[{"embeddable":true,"href":"https:\/\/larealidaddelaplata.com.ar\/index.php\/wp-json\/wp\/v2\/users\/3"}],"replies":[{"embeddable":true,"href":"https:\/\/larealidaddelaplata.com.ar\/index.php\/wp-json\/wp\/v2\/comments?post=41157"}],"version-history":[{"count":1,"href":"https:\/\/larealidaddelaplata.com.ar\/index.php\/wp-json\/wp\/v2\/posts\/41157\/revisions"}],"predecessor-version":[{"id":41159,"href":"https:\/\/larealidaddelaplata.com.ar\/index.php\/wp-json\/wp\/v2\/posts\/41157\/revisions\/41159"}],"wp:featuredmedia":[{"embeddable":true,"href":"https:\/\/larealidaddelaplata.com.ar\/index.php\/wp-json\/wp\/v2\/media\/41158"}],"wp:attachment":[{"href":"https:\/\/larealidaddelaplata.com.ar\/index.php\/wp-json\/wp\/v2\/media?parent=41157"}],"wp:term":[{"taxonomy":"category","embeddable":true,"href":"https:\/\/larealidaddelaplata.com.ar\/index.php\/wp-json\/wp\/v2\/categories?post=41157"},{"taxonomy":"post_tag","embeddable":true,"href":"https:\/\/larealidaddelaplata.com.ar\/index.php\/wp-json\/wp\/v2\/tags?post=41157"}],"curies":[{"name":"wp","href":"https:\/\/api.w.org\/{rel}","templated":true}]}}