{"id":41160,"date":"2025-11-25T16:01:18","date_gmt":"2025-11-25T19:01:18","guid":{"rendered":"https:\/\/larealidaddelaplata.com.ar\/?p=41160"},"modified":"2025-11-25T16:01:21","modified_gmt":"2025-11-25T19:01:21","slug":"condenaron-a-diego-garcia-exjugador-de-estudiantes-por-abuso-sexual","status":"publish","type":"post","link":"https:\/\/larealidaddelaplata.com.ar\/index.php\/2025\/11\/25\/condenaron-a-diego-garcia-exjugador-de-estudiantes-por-abuso-sexual\/","title":{"rendered":"Condenaron a Diego Garc\u00eda, exjugador de Estudiantes, por Abuso Sexual"},"content":{"rendered":"\n<p>La Justicia platense dict\u00f3 un fallo contundente contra Diego Garc\u00eda: el exfutbolista de <strong>Estudiantes<\/strong>, quien hoy defiende los colores de <strong>Pe\u00f1arol<\/strong>, recibi\u00f3 una pena de seis a\u00f1os y ocho meses de prisi\u00f3n por haber abusado sexualmente de una jugadora de hockey de la misma instituci\u00f3n durante una fiesta en Abasto, all\u00e1 por 2021. Por el momento, el condenado no ir\u00e1 tras las rejas de un penal, sino que purgar\u00e1 la pena en un domicilio de La Plata a la espera de que la sentencia quede firme.<\/p>\n\n\n\n<p>Fue el Tribunal Criminal V de La Plata el encargado de sentenciar al jugador a <strong>&#8220;seis a\u00f1os y ocho meses de prisi\u00f3n&#8221;<\/strong> tras encontrarlo culpable del delito de <strong>&#8220;abuso sexual con acceso carnal&#8221;<\/strong>, en perjuicio de <strong>Clara B.<\/strong>, deportista del club. Mientras la C\u00e1mara de Apelaciones revisa el recurso interpuesto por la defensa del uruguayo, el futbolista deber\u00e1 cumplir con la modalidad domiciliaria, poniendo un freno a su actualidad en el equipo de Montevideo.<\/p>\n\n\n\n<p>El dram\u00e1tico episodio que se juzg\u00f3 tuvo lugar el <strong>24 de febrero de 2021<\/strong>, en el marco de un encuentro de esparcimiento organizado por integrantes del plantel de Primera del <em>Pincha<\/em> en una quinta de <strong>Abasto<\/strong>, en la periferia de la ciudad. La joven hab\u00eda concurrido al evento con amigas y, tal como const\u00f3 en la denuncia radicada casi de inmediato, Garc\u00eda la sigui\u00f3 hasta el ba\u00f1o, se meti\u00f3 tras ella y la atac\u00f3 sexualmente.<\/p>\n\n\n\n<p>A partir de la denuncia policial y su posterior curso en Tribunales, se activ\u00f3 una investigaci\u00f3n que desemboc\u00f3 en este juicio oral donde tanto la fiscal\u00eda como la querella fueron por penas de cumplimiento efectivo. De hecho, el abogado <strong>Marcelo Pe\u00f1a<\/strong>, letrado de la v\u00edctima, hab\u00eda solicitado <strong>&#8220;diez a\u00f1os de prisi\u00f3n&#8221;<\/strong>. Finalmente, los magistrados dieron por acreditada la responsabilidad del volante y dictaron la sentencia, ordenando en paralelo que Garc\u00eda cumpla <strong>&#8220;arresto domiciliario&#8221;<\/strong> en una vivienda platense hasta que se agoten las instancias judiciales.<\/p>\n\n\n\n<p>En medio de este escenario y mientras se aguarda la resoluci\u00f3n de la apelaci\u00f3n, <strong>Garc\u00eda<\/strong> sigue perteneciendo a la plantilla de <strong>Pe\u00f1arol<\/strong>, club que lo fich\u00f3 tras su conflictiva salida de <strong>Estudiantes<\/strong>. El caso provoc\u00f3 un verdadero sismo tanto en el mundo del deporte como en los pasillos judiciales, sobre todo por haberse gestado en un entorno de actividades informales ligadas al club y por la asimetr\u00eda de poder existente entre un profesional de primera l\u00ednea y el deporte amateur.<\/p>\n\n\n\n<p>Con este veredicto se cierra una etapa clave de un proceso que se inici\u00f3 en 2021 y que mantuvo en vilo a la opini\u00f3n p\u00fablica. El caso tuvo un seguimiento medi\u00e1tico, social e institucional exhaustivo, dada la naturaleza aberrante del delito y la conexi\u00f3n directa del imputado con una entidad deportiva de peso a nivel nacional.<\/p>\n","protected":false},"excerpt":{"rendered":"<p>La Justicia platense dict\u00f3 un fallo contundente contra Diego Garc\u00eda: el exfutbolista de Estudiantes, quien hoy defiende los colores de Pe\u00f1arol, recibi\u00f3 una pena de seis a\u00f1os y ocho meses de prisi\u00f3n por haber abusado sexualmente de una jugadora de hockey de la misma instituci\u00f3n durante una fiesta en Abasto, all\u00e1 por 2021. Por el momento, el condenado no ir\u00e1 tras las rejas de un penal, sino que purgar\u00e1 la&hellip;<\/p>\n","protected":false},"author":6,"featured_media":41161,"comment_status":"open","ping_status":"open","sticky":false,"template":"","format":"standard","meta":{"_acf_changed":false,"footnotes":""},"categories":[2],"tags":[],"class_list":["post-41160","post","type-post","status-publish","format-standard","has-post-thumbnail","hentry","category-provincia"],"acf":[],"aioseo_notices":[],"_links":{"self":[{"href":"https:\/\/larealidaddelaplata.com.ar\/index.php\/wp-json\/wp\/v2\/posts\/41160"}],"collection":[{"href":"https:\/\/larealidaddelaplata.com.ar\/index.php\/wp-json\/wp\/v2\/posts"}],"about":[{"href":"https:\/\/larealidaddelaplata.com.ar\/index.php\/wp-json\/wp\/v2\/types\/post"}],"author":[{"embeddable":true,"href":"https:\/\/larealidaddelaplata.com.ar\/index.php\/wp-json\/wp\/v2\/users\/6"}],"replies":[{"embeddable":true,"href":"https:\/\/larealidaddelaplata.com.ar\/index.php\/wp-json\/wp\/v2\/comments?post=41160"}],"version-history":[{"count":1,"href":"https:\/\/larealidaddelaplata.com.ar\/index.php\/wp-json\/wp\/v2\/posts\/41160\/revisions"}],"predecessor-version":[{"id":41162,"href":"https:\/\/larealidaddelaplata.com.ar\/index.php\/wp-json\/wp\/v2\/posts\/41160\/revisions\/41162"}],"wp:featuredmedia":[{"embeddable":true,"href":"https:\/\/larealidaddelaplata.com.ar\/index.php\/wp-json\/wp\/v2\/media\/41161"}],"wp:attachment":[{"href":"https:\/\/larealidaddelaplata.com.ar\/index.php\/wp-json\/wp\/v2\/media?parent=41160"}],"wp:term":[{"taxonomy":"category","embeddable":true,"href":"https:\/\/larealidaddelaplata.com.ar\/index.php\/wp-json\/wp\/v2\/categories?post=41160"},{"taxonomy":"post_tag","embeddable":true,"href":"https:\/\/larealidaddelaplata.com.ar\/index.php\/wp-json\/wp\/v2\/tags?post=41160"}],"curies":[{"name":"wp","href":"https:\/\/api.w.org\/{rel}","templated":true}]}}