{"id":42430,"date":"2026-04-26T19:14:16","date_gmt":"2026-04-26T22:14:16","guid":{"rendered":"https:\/\/larealidaddelaplata.com.ar\/?p=42430"},"modified":"2026-04-26T19:14:20","modified_gmt":"2026-04-26T22:14:20","slug":"la-unlp-impulsa-una-catedra-sobre-la-filosofa-que-inspiro-al-papa-francisco","status":"publish","type":"post","link":"https:\/\/larealidaddelaplata.com.ar\/index.php\/2026\/04\/26\/la-unlp-impulsa-una-catedra-sobre-la-filosofa-que-inspiro-al-papa-francisco\/","title":{"rendered":"La UNLP impulsa una c\u00e1tedra sobre la fil\u00f3sofa que inspir\u00f3 al papa Francisco"},"content":{"rendered":"\n<p>La Universidad Nacional de La Plata (UNLP) avanzar\u00e1 en la creaci\u00f3n de la C\u00e1tedra Libre Amelia Podetti con una jornada en La Plata que reunir\u00e1 referentes de la pol\u00edtica, la cultura y la academia. El encuentro abordar\u00e1 la influencia de la fil\u00f3sofa en el papa Francisco y su concepto de periferias, en un cruce entre pensamiento situado, pol\u00edtica y debates contempor\u00e1neos.<\/p>\n\n\n\n<p>El lanzamiento se realizar\u00e1 el viernes 22 de mayo a las 17 en el Instituto Superior del Profesorado \u201cJ. N. Terrero\u201d de La Plata, con la jornada \u201cAmelia Podetti: pensar la Argentina desde la historia, la cultura y el destino de los pueblos\u201d.<\/p>\n\n\n\n<p>La actividad reunir\u00e1 a figuras del \u00e1mbito acad\u00e9mico, pol\u00edtico y cultural, entre ellas la diputada Kelly Olmos, el rector de la Universidad de San Isidro, Enrique del Percio, y el director mundial de red educativa pontificia Scholas Occurrentes, Enrique Palmeyro.<\/p>\n\n\n\n<p>El eje del encuentro ser\u00e1 el pensamiento de Podetti, considerada una de las fil\u00f3sofas m\u00e1s originales del siglo XX en la Argentina. Su concepto de \u201cperiferia\u201d como lugar de revelaci\u00f3n hist\u00f3rica y su cr\u00edtica a la modernidad t\u00e9cnico-instrumental siguen siendo referencias para interpretar los desaf\u00edos actuales.<\/p>\n\n\n\n<p>La jornada estar\u00e1 organizada en tres paneles tem\u00e1ticos que abordar\u00e1n la vigencia de su obra en el pensamiento situado, la cultura y la construcci\u00f3n de comunidad, con participaci\u00f3n de especialistas de la UNLP, la UBA y otras instituciones.<\/p>\n\n\n\n<p>La actividad es abierta, gratuita y se extender\u00e1 hasta las 21.30.<\/p>\n\n\n\n<figure class=\"wp-block-image size-full\"><img loading=\"lazy\" decoding=\"async\" width=\"790\" height=\"341\" src=\"https:\/\/larealidaddelaplata.com.ar\/wp-content\/uploads\/2026\/04\/image-8.png\" alt=\"\" class=\"wp-image-42431\" srcset=\"https:\/\/larealidaddelaplata.com.ar\/wp-content\/uploads\/2026\/04\/image-8.png 790w, https:\/\/larealidaddelaplata.com.ar\/wp-content\/uploads\/2026\/04\/image-8-300x129.png 300w, https:\/\/larealidaddelaplata.com.ar\/wp-content\/uploads\/2026\/04\/image-8-768x332.png 768w\" sizes=\"(max-width: 790px) 100vw, 790px\" \/><\/figure>\n","protected":false},"excerpt":{"rendered":"<p>La Universidad Nacional de La Plata (UNLP) avanzar\u00e1 en la creaci\u00f3n de la C\u00e1tedra Libre Amelia Podetti con una jornada en La Plata que reunir\u00e1 referentes de la pol\u00edtica, la cultura y la academia. El encuentro abordar\u00e1 la influencia de la fil\u00f3sofa en el papa Francisco y su concepto de periferias, en un cruce entre pensamiento situado, pol\u00edtica y debates contempor\u00e1neos. El lanzamiento se realizar\u00e1 el viernes 22 de mayo&hellip;<\/p>\n","protected":false},"author":2,"featured_media":42432,"comment_status":"open","ping_status":"open","sticky":false,"template":"","format":"standard","meta":{"_acf_changed":false,"footnotes":""},"categories":[13],"tags":[619,33],"class_list":["post-42430","post","type-post","status-publish","format-standard","has-post-thumbnail","hentry","category-sociedad","tag-papa-francisco","tag-unlp"],"acf":[],"aioseo_notices":[],"_links":{"self":[{"href":"https:\/\/larealidaddelaplata.com.ar\/index.php\/wp-json\/wp\/v2\/posts\/42430"}],"collection":[{"href":"https:\/\/larealidaddelaplata.com.ar\/index.php\/wp-json\/wp\/v2\/posts"}],"about":[{"href":"https:\/\/larealidaddelaplata.com.ar\/index.php\/wp-json\/wp\/v2\/types\/post"}],"author":[{"embeddable":true,"href":"https:\/\/larealidaddelaplata.com.ar\/index.php\/wp-json\/wp\/v2\/users\/2"}],"replies":[{"embeddable":true,"href":"https:\/\/larealidaddelaplata.com.ar\/index.php\/wp-json\/wp\/v2\/comments?post=42430"}],"version-history":[{"count":1,"href":"https:\/\/larealidaddelaplata.com.ar\/index.php\/wp-json\/wp\/v2\/posts\/42430\/revisions"}],"predecessor-version":[{"id":42433,"href":"https:\/\/larealidaddelaplata.com.ar\/index.php\/wp-json\/wp\/v2\/posts\/42430\/revisions\/42433"}],"wp:featuredmedia":[{"embeddable":true,"href":"https:\/\/larealidaddelaplata.com.ar\/index.php\/wp-json\/wp\/v2\/media\/42432"}],"wp:attachment":[{"href":"https:\/\/larealidaddelaplata.com.ar\/index.php\/wp-json\/wp\/v2\/media?parent=42430"}],"wp:term":[{"taxonomy":"category","embeddable":true,"href":"https:\/\/larealidaddelaplata.com.ar\/index.php\/wp-json\/wp\/v2\/categories?post=42430"},{"taxonomy":"post_tag","embeddable":true,"href":"https:\/\/larealidaddelaplata.com.ar\/index.php\/wp-json\/wp\/v2\/tags?post=42430"}],"curies":[{"name":"wp","href":"https:\/\/api.w.org\/{rel}","templated":true}]}}