{"id":42434,"date":"2026-04-26T19:23:14","date_gmt":"2026-04-26T22:23:14","guid":{"rendered":"https:\/\/larealidaddelaplata.com.ar\/?p=42434"},"modified":"2026-04-26T19:23:17","modified_gmt":"2026-04-26T22:23:17","slug":"el-refugio-apa-solicita-ayuda-urgente-a-la-comunidad","status":"publish","type":"post","link":"https:\/\/larealidaddelaplata.com.ar\/index.php\/2026\/04\/26\/el-refugio-apa-solicita-ayuda-urgente-a-la-comunidad\/","title":{"rendered":"El refugio APA solicita ayuda urgente a la comunidad"},"content":{"rendered":"\n<p>Un refugio hist\u00f3rico de La Plata necesita ayuda urgente para seguir cuidando a sus perros.<\/p>\n\n\n\n<p>APA, un refugio platense fundado en 1982, atraviesa un momento muy dif\u00edcil y pide la ayuda de la comunidad para poder seguir adelante.<\/p>\n\n\n\n<p>Uno de sus paredones perimetrales est\u00e1 en mal estado y necesita una reparaci\u00f3n urgente. La obra cuesta $3.500.000, una cifra imposible de afrontar para el refugio, que se sostiene gracias al aporte mensual de sus socios.<\/p>\n\n\n\n<p>Cada perro que vive all\u00ed depende de esa ayuda: con las cuotas se compran alimentos, se cubren gastos veterinarios y se sostiene el trabajo diario de quienes cuidan a los animales que esperan una segunda oportunidad.<\/p>\n\n\n\n<p>Desde APA lanzaron una campa\u00f1a para juntar fondos y apelan a la solidaridad de los platenses. El refugio lleva m\u00e1s de 40 a\u00f1os rescatando y cuidando animales en la ciudad.<\/p>\n\n\n\n<p>Quienes quieran colaborar pueden contactarse a trav\u00e9s de las redes sociales del refugio.<\/p>\n\n\n\n<p>INSTAGRAM: https:\/\/www.instagram.com\/apa.perritosenadopcion\/<\/p>\n\n\n\n<p>FACEBOOK: https:\/\/www.facebook.com\/groups\/801813329845248\/?hpir=1&amp;http_ref=eyJ0cyI6MTc3NzE0MDQ1ODAwMCwiciI6IiJ9<\/p>\n\n\n\n<p><\/p>\n","protected":false},"excerpt":{"rendered":"<p>Un refugio hist\u00f3rico de La Plata necesita ayuda urgente para seguir cuidando a sus perros. APA, un refugio platense fundado en 1982, atraviesa un momento muy dif\u00edcil y pide la ayuda de la comunidad para poder seguir adelante. Uno de sus paredones perimetrales est\u00e1 en mal estado y necesita una reparaci\u00f3n urgente. La obra cuesta $3.500.000, una cifra imposible de afrontar para el refugio, que se sostiene gracias al aporte&hellip;<\/p>\n","protected":false},"author":2,"featured_media":42435,"comment_status":"open","ping_status":"open","sticky":false,"template":"","format":"standard","meta":{"_acf_changed":false,"footnotes":""},"categories":[13],"tags":[5692,5691],"class_list":["post-42434","post","type-post","status-publish","format-standard","has-post-thumbnail","hentry","category-sociedad","tag-apa","tag-refugio"],"acf":[],"aioseo_notices":[],"_links":{"self":[{"href":"https:\/\/larealidaddelaplata.com.ar\/index.php\/wp-json\/wp\/v2\/posts\/42434"}],"collection":[{"href":"https:\/\/larealidaddelaplata.com.ar\/index.php\/wp-json\/wp\/v2\/posts"}],"about":[{"href":"https:\/\/larealidaddelaplata.com.ar\/index.php\/wp-json\/wp\/v2\/types\/post"}],"author":[{"embeddable":true,"href":"https:\/\/larealidaddelaplata.com.ar\/index.php\/wp-json\/wp\/v2\/users\/2"}],"replies":[{"embeddable":true,"href":"https:\/\/larealidaddelaplata.com.ar\/index.php\/wp-json\/wp\/v2\/comments?post=42434"}],"version-history":[{"count":1,"href":"https:\/\/larealidaddelaplata.com.ar\/index.php\/wp-json\/wp\/v2\/posts\/42434\/revisions"}],"predecessor-version":[{"id":42436,"href":"https:\/\/larealidaddelaplata.com.ar\/index.php\/wp-json\/wp\/v2\/posts\/42434\/revisions\/42436"}],"wp:featuredmedia":[{"embeddable":true,"href":"https:\/\/larealidaddelaplata.com.ar\/index.php\/wp-json\/wp\/v2\/media\/42435"}],"wp:attachment":[{"href":"https:\/\/larealidaddelaplata.com.ar\/index.php\/wp-json\/wp\/v2\/media?parent=42434"}],"wp:term":[{"taxonomy":"category","embeddable":true,"href":"https:\/\/larealidaddelaplata.com.ar\/index.php\/wp-json\/wp\/v2\/categories?post=42434"},{"taxonomy":"post_tag","embeddable":true,"href":"https:\/\/larealidaddelaplata.com.ar\/index.php\/wp-json\/wp\/v2\/tags?post=42434"}],"curies":[{"name":"wp","href":"https:\/\/api.w.org\/{rel}","templated":true}]}}