{"id":42437,"date":"2026-04-27T11:06:38","date_gmt":"2026-04-27T14:06:38","guid":{"rendered":"https:\/\/larealidaddelaplata.com.ar\/?p=42437"},"modified":"2026-04-27T11:06:41","modified_gmt":"2026-04-27T14:06:41","slug":"gimnasia-gano-en-cordoba-sumo-su-quinta-victoria-al-hilo-y-quedo-cerca-de-los-playoffs","status":"publish","type":"post","link":"https:\/\/larealidaddelaplata.com.ar\/index.php\/2026\/04\/27\/gimnasia-gano-en-cordoba-sumo-su-quinta-victoria-al-hilo-y-quedo-cerca-de-los-playoffs\/","title":{"rendered":"Gimnasia gan\u00f3 en C\u00f3rdoba, sum\u00f3 su quinta victoria al hilo y qued\u00f3 cerca de los playoffs"},"content":{"rendered":"\n<p id=\"p-1777242807562-32329\"><strong>Gimnasia<\/strong>\u00a0derrot\u00f3 1 a 0 a\u00a0<strong>Belgrano\u00a0<\/strong>en\u00a0<strong>C\u00f3rdoba\u00a0<\/strong>por la fecha 16 del\u00a0<strong>Torneo Apertura\u00a0<\/strong>y qued\u00f3 a un paso de los octavos de final. El equipo de\u00a0<strong>Ariel Pereyra\u00a0<\/strong>logr\u00f3 su quinta victoria consecutiva y consolid\u00f3 su buen momento en el certamen.<\/p>\n\n\n\n<p id=\"p-1777242807562-42100\">En un partido en el que fue superior durante gran parte del desarrollo, Gimnasia se impuso por la m\u00ednima ante Belgrano y dio un paso clave en su objetivo de meterse en los playoffs del Torneo Apertura. El Lobo aprovech\u00f3 adem\u00e1s que jug\u00f3 con un hombre m\u00e1s desde el primer tiempo.<\/p>\n\n\n\n<figure class=\"wp-block-embed is-type-video is-provider-youtube wp-block-embed-youtube wp-embed-aspect-16-9 wp-has-aspect-ratio\"><div class=\"wp-block-embed__wrapper\">\n<iframe loading=\"lazy\" title=\"EL LOBO RUGI\u00d3 EN C\u00d3RDOBA Y SE ACERCA A LA CLASIFICACI\u00d3N | Belgrano 0-1 Gimnasia | RESUMEN\" width=\"640\" height=\"360\" src=\"https:\/\/www.youtube.com\/embed\/8cceOhPFkgk?feature=oembed\" frameborder=\"0\" allow=\"accelerometer; autoplay; clipboard-write; encrypted-media; gyroscope; picture-in-picture; web-share\" referrerpolicy=\"strict-origin-when-cross-origin\" allowfullscreen><\/iframe>\n<\/div><\/figure>\n\n\n\n<p id=\"p-1777242807562-3100\">El encuentro comenz\u00f3 con intensidad en C\u00f3rdoba y r\u00e1pidamente el equipo platense mostr\u00f3 sus intenciones. Incluso logr\u00f3 convertir en el inicio, pero el tanto fue anulado por el&nbsp;<strong>VAR&nbsp;<\/strong>por una posici\u00f3n adelantada en la jugada previa.<\/p>\n\n\n\n<h2 class=\"wp-block-heading\" id=\"p-1777242807562-17441\">Gol de Nicol\u00e1s Barros Schelotto y dominio de Gimnasia<\/h2>\n\n\n\n<p id=\"p-1777242807562-48402\">Con el correr de los minutos, Gimnasia se adue\u00f1\u00f3 del partido y encontr\u00f3 la ventaja a los 18 minutos de la primera mitad. Nicol\u00e1s Barros Schelotto sac\u00f3 un remate desde el v\u00e9rtice derecho del \u00e1rea y marc\u00f3 el 1 a 0 tras una jugada de pelota parada.<\/p>\n\n\n\n<p id=\"p-1777242807562-32406\">Minutos m\u00e1s tarde, Belgrano sufri\u00f3 la expulsi\u00f3n de Federico Ricca a los 25 minutos, lo que condicion\u00f3 el desarrollo del partido y le permiti\u00f3 al equipo de Ariel Pereyra manejar los tiempos con mayor tranquilidad.<\/p>\n\n\n\n<p id=\"p-1777242807562-96325\">En el complemento, Gimnasia continu\u00f3 siendo superior y gener\u00f3 varias situaciones para ampliar la ventaja. Incluso tuvo un penal a favor que fue revisado por el VAR, pero finalmente la jugada fue invalidada por una posici\u00f3n adelantada previa.<\/p>\n","protected":false},"excerpt":{"rendered":"<p>Gimnasia\u00a0derrot\u00f3 1 a 0 a\u00a0Belgrano\u00a0en\u00a0C\u00f3rdoba\u00a0por la fecha 16 del\u00a0Torneo Apertura\u00a0y qued\u00f3 a un paso de los octavos de final. El equipo de\u00a0Ariel Pereyra\u00a0logr\u00f3 su quinta victoria consecutiva y consolid\u00f3 su buen momento en el certamen. En un partido en el que fue superior durante gran parte del desarrollo, Gimnasia se impuso por la m\u00ednima ante Belgrano y dio un paso clave en su objetivo de meterse en los playoffs del&hellip;<\/p>\n","protected":false},"author":3,"featured_media":41684,"comment_status":"open","ping_status":"open","sticky":false,"template":"","format":"standard","meta":{"_acf_changed":false,"footnotes":""},"categories":[2],"tags":[],"class_list":["post-42437","post","type-post","status-publish","format-standard","has-post-thumbnail","hentry","category-provincia"],"acf":[],"aioseo_notices":[],"_links":{"self":[{"href":"https:\/\/larealidaddelaplata.com.ar\/index.php\/wp-json\/wp\/v2\/posts\/42437"}],"collection":[{"href":"https:\/\/larealidaddelaplata.com.ar\/index.php\/wp-json\/wp\/v2\/posts"}],"about":[{"href":"https:\/\/larealidaddelaplata.com.ar\/index.php\/wp-json\/wp\/v2\/types\/post"}],"author":[{"embeddable":true,"href":"https:\/\/larealidaddelaplata.com.ar\/index.php\/wp-json\/wp\/v2\/users\/3"}],"replies":[{"embeddable":true,"href":"https:\/\/larealidaddelaplata.com.ar\/index.php\/wp-json\/wp\/v2\/comments?post=42437"}],"version-history":[{"count":1,"href":"https:\/\/larealidaddelaplata.com.ar\/index.php\/wp-json\/wp\/v2\/posts\/42437\/revisions"}],"predecessor-version":[{"id":42438,"href":"https:\/\/larealidaddelaplata.com.ar\/index.php\/wp-json\/wp\/v2\/posts\/42437\/revisions\/42438"}],"wp:featuredmedia":[{"embeddable":true,"href":"https:\/\/larealidaddelaplata.com.ar\/index.php\/wp-json\/wp\/v2\/media\/41684"}],"wp:attachment":[{"href":"https:\/\/larealidaddelaplata.com.ar\/index.php\/wp-json\/wp\/v2\/media?parent=42437"}],"wp:term":[{"taxonomy":"category","embeddable":true,"href":"https:\/\/larealidaddelaplata.com.ar\/index.php\/wp-json\/wp\/v2\/categories?post=42437"},{"taxonomy":"post_tag","embeddable":true,"href":"https:\/\/larealidaddelaplata.com.ar\/index.php\/wp-json\/wp\/v2\/tags?post=42437"}],"curies":[{"name":"wp","href":"https:\/\/api.w.org\/{rel}","templated":true}]}}