{"id":42439,"date":"2026-04-27T11:27:57","date_gmt":"2026-04-27T14:27:57","guid":{"rendered":"https:\/\/larealidaddelaplata.com.ar\/?p=42439"},"modified":"2026-04-27T11:28:00","modified_gmt":"2026-04-27T14:28:00","slug":"fiebre-mundialista-salio-el-album-de-figuritas-y-se-lanzo-las-figuritas-virtuales","status":"publish","type":"post","link":"https:\/\/larealidaddelaplata.com.ar\/index.php\/2026\/04\/27\/fiebre-mundialista-salio-el-album-de-figuritas-y-se-lanzo-las-figuritas-virtuales\/","title":{"rendered":"Fiebre mundialista: sali\u00f3 el \u00e1lbum de figuritas y se lanz\u00f3 las figuritas virtuales"},"content":{"rendered":"\n<p id=\"p-1777241848329-30599\">El&nbsp;<strong>\u00e1lbum de figuritas<\/strong>&nbsp;del&nbsp;<strong>Mundial 2026<\/strong>&nbsp;sale a la venta este lunes y llega con una edici\u00f3n totalmente renovada, en un contexto de gran expectativa entre coleccionistas y fan\u00e1ticos del f\u00fatbol. La tradicional colecci\u00f3n de&nbsp;<strong>Panini&nbsp;<\/strong>vuelve con cambios importantes de cara al torneo m\u00e1s grande de la historia.<\/p>\n\n\n\n<p id=\"p-1777241848329-94749\">La flamante edici\u00f3n de la Copa del Mundo estar\u00e1 marcada por el salto de 32 a 48 selecciones, una de las modificaciones m\u00e1s importantes en la historia del certamen; y el torneo ser\u00e1 organizado por&nbsp;<strong>Estados Unidos<\/strong>,&nbsp;<strong>M\u00e9xico<\/strong>&nbsp;y&nbsp;<strong>Canad\u00e1<\/strong>, lo que tambi\u00e9n ampl\u00eda el contenido del \u00e1lbum y sus secciones especiales.<\/p>\n\n\n\n<p id=\"p-1777241848329-22297\">En ese marco,\u00a0la colecci\u00f3n tambi\u00e9n crece en tama\u00f1o:\u00a0pasar\u00e1 de las 80 p\u00e1ginas de la edici\u00f3n de\u00a0<strong>Qatar<\/strong>\u00a0a un total de 112 y se necesitar\u00e1 la friolera suma de\u00a0980 figuritas para completarla, muy por encima de las 638 del Mundial anterior. Todo anticipa una edici\u00f3n mucho m\u00e1s extensa y compleja para lograr el ansiado objetivo.<\/p>\n\n\n\n<h2 class=\"wp-block-heading\" id=\"p-1777242326825-90543\">Las particularidades que tendr\u00e1 el \u00e1lbum del mundial<\/h2>\n\n\n\n<p id=\"p-1777241848329-29488\">El \u00e1lbum no solo incluir\u00e1 a los jugadores, sino tambi\u00e9n apartados dedicados a los estadios, las sedes de los tres pa\u00edses anfitriones y posters hist\u00f3ricos. Tambi\u00e9n habr\u00e1 figuritas especiales con acabados metalizados, que destacar\u00e1n r\u00e9cords y momentos emblem\u00e1ticos de la Copa del Mundo.<\/p>\n\n\n\n<p id=\"p-1777241848329-98168\">Entre los nombres que integrar\u00e1n la secci\u00f3n de&nbsp;<strong>Argentina<\/strong>&nbsp;aparecen&nbsp;<strong>Lionel Messi<\/strong>&nbsp;y&nbsp;<strong>Emiliano &#8220;Dibu&#8221; Mart\u00ednez<\/strong>, junto a figuras como&nbsp;<strong>Nahuel Molina<\/strong>,&nbsp;<strong>Cristian Romero<\/strong>,<strong>&nbsp;Nicol\u00e1s Otamendi<\/strong>,&nbsp;<strong>Nicol\u00e1s Tagliafico<\/strong>,&nbsp;<strong>Enzo Fern\u00e1ndez<\/strong>,&nbsp;<strong>Alexis Mac Allister<\/strong>,&nbsp;<strong>Rodrigo De Paul<\/strong>,&nbsp;<strong>Lautaro Mart\u00ednez<\/strong>&nbsp;y&nbsp;<strong>Juli\u00e1n \u00c1lvarez<\/strong>, entre otros referentes del ciclo actual.<\/p>\n\n\n\n<p id=\"p-1777241848329-13405\">Sin embargo, tambi\u00e9n hubo sorpresas y ausencias resonantes, como la de&nbsp;<strong>Gonzalo Montiel<\/strong>&nbsp;y&nbsp;<strong>Lisandro Mart\u00ednez<\/strong>, campeones en Qatar 2022, adem\u00e1s de&nbsp;<strong>Thiago Almada<\/strong>&nbsp;y&nbsp;<strong>Ger\u00f3nimo Rulli<\/strong>. Otros nombres como&nbsp;<strong>Juan Musso<\/strong>&nbsp;y&nbsp;<strong>Valent\u00edn Barco<\/strong>&nbsp;tampoco figuran en esta edici\u00f3n del \u00e1lbum.<\/p>\n\n\n\n<p id=\"p-1777241848329-69360\">En cuanto a los precios,&nbsp;el \u00e1lbum tendr\u00e1 dos versiones: tapa blanda con un valor cercano a los $15.000 y tapa dura entre $25.000 y $30.000. Los sobres, que incluyen siete figuritas, costar\u00e1n entre $2.000 y $2.500, mientras que los combos de preventa alcanzan valores m\u00e1s elevados.<\/p>\n\n\n\n<p id=\"p-1777241848329-14293\">Con estas novedades, el lanzamiento de este lunes promete convertirse en uno de los eventos m\u00e1s esperados por los fan\u00e1ticos, que ya palpitan el inicio de una nueva fiebre mundialista alrededor de la tradicional colecci\u00f3n de figuritas.<\/p>\n","protected":false},"excerpt":{"rendered":"<p>El&nbsp;\u00e1lbum de figuritas&nbsp;del&nbsp;Mundial 2026&nbsp;sale a la venta este lunes y llega con una edici\u00f3n totalmente renovada, en un contexto de gran expectativa entre coleccionistas y fan\u00e1ticos del f\u00fatbol. La tradicional colecci\u00f3n de&nbsp;Panini&nbsp;vuelve con cambios importantes de cara al torneo m\u00e1s grande de la historia. La flamante edici\u00f3n de la Copa del Mundo estar\u00e1 marcada por el salto de 32 a 48 selecciones, una de las modificaciones m\u00e1s importantes en la&hellip;<\/p>\n","protected":false},"author":3,"featured_media":42440,"comment_status":"open","ping_status":"open","sticky":false,"template":"","format":"standard","meta":{"_acf_changed":false,"footnotes":""},"categories":[2],"tags":[],"class_list":["post-42439","post","type-post","status-publish","format-standard","has-post-thumbnail","hentry","category-provincia"],"acf":[],"aioseo_notices":[],"_links":{"self":[{"href":"https:\/\/larealidaddelaplata.com.ar\/index.php\/wp-json\/wp\/v2\/posts\/42439"}],"collection":[{"href":"https:\/\/larealidaddelaplata.com.ar\/index.php\/wp-json\/wp\/v2\/posts"}],"about":[{"href":"https:\/\/larealidaddelaplata.com.ar\/index.php\/wp-json\/wp\/v2\/types\/post"}],"author":[{"embeddable":true,"href":"https:\/\/larealidaddelaplata.com.ar\/index.php\/wp-json\/wp\/v2\/users\/3"}],"replies":[{"embeddable":true,"href":"https:\/\/larealidaddelaplata.com.ar\/index.php\/wp-json\/wp\/v2\/comments?post=42439"}],"version-history":[{"count":1,"href":"https:\/\/larealidaddelaplata.com.ar\/index.php\/wp-json\/wp\/v2\/posts\/42439\/revisions"}],"predecessor-version":[{"id":42441,"href":"https:\/\/larealidaddelaplata.com.ar\/index.php\/wp-json\/wp\/v2\/posts\/42439\/revisions\/42441"}],"wp:featuredmedia":[{"embeddable":true,"href":"https:\/\/larealidaddelaplata.com.ar\/index.php\/wp-json\/wp\/v2\/media\/42440"}],"wp:attachment":[{"href":"https:\/\/larealidaddelaplata.com.ar\/index.php\/wp-json\/wp\/v2\/media?parent=42439"}],"wp:term":[{"taxonomy":"category","embeddable":true,"href":"https:\/\/larealidaddelaplata.com.ar\/index.php\/wp-json\/wp\/v2\/categories?post=42439"},{"taxonomy":"post_tag","embeddable":true,"href":"https:\/\/larealidaddelaplata.com.ar\/index.php\/wp-json\/wp\/v2\/tags?post=42439"}],"curies":[{"name":"wp","href":"https:\/\/api.w.org\/{rel}","templated":true}]}}