{"id":42442,"date":"2026-04-27T12:05:32","date_gmt":"2026-04-27T15:05:32","guid":{"rendered":"https:\/\/larealidaddelaplata.com.ar\/?p=42442"},"modified":"2026-04-27T12:08:36","modified_gmt":"2026-04-27T15:08:36","slug":"la-municipalidad-difundio-medidas-para-prevenir-intoxicaciones-por-monoxido-de-carbono","status":"publish","type":"post","link":"https:\/\/larealidaddelaplata.com.ar\/index.php\/2026\/04\/27\/la-municipalidad-difundio-medidas-para-prevenir-intoxicaciones-por-monoxido-de-carbono\/","title":{"rendered":"La Municipalidad difundi\u00f3 medidas para prevenir intoxicaciones por mon\u00f3xido de carbono"},"content":{"rendered":"\n<p>Con el inicio de los d\u00edas fr\u00edos en la ciudad, la Municipalidad de La Plata dio a conocer una serie de recomendaciones para reducir el riesgo de intoxicaci\u00f3n por mon\u00f3xido de carbono, un gas altamente peligroso que puede provocar consecuencias graves para la salud.<\/p>\n\n\n\n<p>Desde la Secretar\u00eda de Salud advirtieron sobre la importancia de evitar el uso de hornallas y hornos como m\u00e9todo de calefacci\u00f3n y remarcaron la necesidad de verificar el correcto funcionamiento de estufas, calentadores y caloventores. Asimismo, insistieron en garantizar una adecuada ventilaci\u00f3n en todos los ambientes.<\/p>\n\n\n\n<p>En esa l\u00ednea, tambi\u00e9n se desaconseja el uso de braseros o salamandras que no cuenten con salida al exterior. En caso de ser necesarios, se recomienda encenderlos fuera del hogar, permitir el ingreso de aire manteniendo una puerta o ventana entreabierta, supervisar su funcionamiento en todo momento y apagarlos completamente antes de ir a dormir.<\/p>\n\n\n\n<p>Otra de las medidas preventivas es apagar estufas y aparatos el\u00e9ctricos durante la noche o al salir del domicilio, adem\u00e1s de no dejar a ni\u00f1os solos en espacios donde haya equipos encendidos.<\/p>\n\n\n\n<p>Para evitar accidentes, tambi\u00e9n es fundamental realizar una limpieza peri\u00f3dica de filtros y conductos de ventilaci\u00f3n, as\u00ed como prestar atenci\u00f3n al color de la llama: si es amarilla, roja o anaranjada, puede indicar un problema en la combusti\u00f3n.<\/p>\n\n\n\n<p>SE\u00d1ALES DE ALERTA<\/p>\n\n\n\n<p>El mon\u00f3xido de carbono representa un riesgo particular porque no tiene olor, color ni genera irritaci\u00f3n, por lo que resulta imperceptible. Entre los s\u00edntomas m\u00e1s frecuentes de intoxicaci\u00f3n se encuentran el dolor de cabeza, n\u00e1useas, v\u00f3mitos, mareos, confusi\u00f3n, visi\u00f3n borrosa, debilidad, falta de coordinaci\u00f3n, palpitaciones e irritabilidad.<\/p>\n\n\n\n<p>En situaciones m\u00e1s severas, puede derivar en p\u00e9rdida de conocimiento, convulsiones, coma, arritmias, hipotensi\u00f3n e incluso eventos card\u00edacos. Ante cualquiera de estos signos, se recomienda ventilar el ambiente de inmediato, retirarse del lugar y acudir al centro de salud m\u00e1s cercano.<\/p>\n\n\n\n<p>Los grupos con mayor riesgo son los ni\u00f1os peque\u00f1os, las personas mayores, fumadores, pacientes con enfermedades card\u00edacas o respiratorias y quienes viven en zonas de altura.<\/p>\n\n\n\n<p><\/p>\n","protected":false},"excerpt":{"rendered":"<p>Con el inicio de los d\u00edas fr\u00edos en la ciudad, la Municipalidad de La Plata dio a conocer una serie de recomendaciones para reducir el riesgo de intoxicaci\u00f3n por mon\u00f3xido de carbono, un gas altamente peligroso que puede provocar consecuencias graves para la salud. Desde la Secretar\u00eda de Salud advirtieron sobre la importancia de evitar el uso de hornallas y hornos como m\u00e9todo de calefacci\u00f3n y remarcaron la necesidad de&hellip;<\/p>\n","protected":false},"author":6,"featured_media":42445,"comment_status":"open","ping_status":"open","sticky":false,"template":"","format":"standard","meta":{"_acf_changed":false,"footnotes":""},"categories":[2],"tags":[],"class_list":["post-42442","post","type-post","status-publish","format-standard","has-post-thumbnail","hentry","category-provincia"],"acf":[],"aioseo_notices":[],"_links":{"self":[{"href":"https:\/\/larealidaddelaplata.com.ar\/index.php\/wp-json\/wp\/v2\/posts\/42442"}],"collection":[{"href":"https:\/\/larealidaddelaplata.com.ar\/index.php\/wp-json\/wp\/v2\/posts"}],"about":[{"href":"https:\/\/larealidaddelaplata.com.ar\/index.php\/wp-json\/wp\/v2\/types\/post"}],"author":[{"embeddable":true,"href":"https:\/\/larealidaddelaplata.com.ar\/index.php\/wp-json\/wp\/v2\/users\/6"}],"replies":[{"embeddable":true,"href":"https:\/\/larealidaddelaplata.com.ar\/index.php\/wp-json\/wp\/v2\/comments?post=42442"}],"version-history":[{"count":2,"href":"https:\/\/larealidaddelaplata.com.ar\/index.php\/wp-json\/wp\/v2\/posts\/42442\/revisions"}],"predecessor-version":[{"id":42446,"href":"https:\/\/larealidaddelaplata.com.ar\/index.php\/wp-json\/wp\/v2\/posts\/42442\/revisions\/42446"}],"wp:featuredmedia":[{"embeddable":true,"href":"https:\/\/larealidaddelaplata.com.ar\/index.php\/wp-json\/wp\/v2\/media\/42445"}],"wp:attachment":[{"href":"https:\/\/larealidaddelaplata.com.ar\/index.php\/wp-json\/wp\/v2\/media?parent=42442"}],"wp:term":[{"taxonomy":"category","embeddable":true,"href":"https:\/\/larealidaddelaplata.com.ar\/index.php\/wp-json\/wp\/v2\/categories?post=42442"},{"taxonomy":"post_tag","embeddable":true,"href":"https:\/\/larealidaddelaplata.com.ar\/index.php\/wp-json\/wp\/v2\/tags?post=42442"}],"curies":[{"name":"wp","href":"https:\/\/api.w.org\/{rel}","templated":true}]}}