{"id":42447,"date":"2026-04-27T12:11:15","date_gmt":"2026-04-27T15:11:15","guid":{"rendered":"https:\/\/larealidaddelaplata.com.ar\/?p=42447"},"modified":"2026-04-27T12:11:18","modified_gmt":"2026-04-27T15:11:18","slug":"el-invierno-se-instala-en-la-plata-semana-helada-y-vientos-fuertes","status":"publish","type":"post","link":"https:\/\/larealidaddelaplata.com.ar\/index.php\/2026\/04\/27\/el-invierno-se-instala-en-la-plata-semana-helada-y-vientos-fuertes\/","title":{"rendered":"El invierno se instala en La Plata: semana helada y vientos fuertes"},"content":{"rendered":"\n<p>El clima invernal ya se hace sentir con fuerza en La Plata. Seg\u00fan el Servicio Meteorol\u00f3gico Nacional (SMN), la semana estar\u00e1 marcada por cielos despejados, pero con m\u00ednimas que oscilar\u00e1n entre los 6 y 15 grados. A esto se le sumar\u00e1n r\u00e1fagas de viento de m\u00e1s de 50 km\/h, especialmente durante este lunes y el pr\u00f3ximo mi\u00e9rcoles, lo que desplomar\u00e1 a\u00fan m\u00e1s la sensaci\u00f3n t\u00e9rmica en las calles.<\/p>\n\n\n\n<p>Sin embargo, habr\u00e1 una peque\u00f1a tregua. Gracias al ingreso transitorio de aire c\u00e1lido desde el noroeste, entre el mi\u00e9rcoles y el viernes las temperaturas dar\u00e1n un salto, alcanzando m\u00e1ximas agradables de hasta 23 grados para cortar con la ola polar.<\/p>\n\n\n\n<p>Pero el alivio durar\u00e1 poco y habr\u00e1 que volver a sacar las camperas m\u00e1s pesadas para el fin de semana. Los term\u00f3metros volver\u00e1n a caer bruscamente y, seg\u00fan los especialistas de Meteored, el domingo ser\u00e1 el d\u00eda m\u00e1s fr\u00edo de toda la semana, con una m\u00ednima proyectada de apenas 4 grados en la ciudad y sus alrededores.<\/p>\n","protected":false},"excerpt":{"rendered":"<p>El clima invernal ya se hace sentir con fuerza en La Plata. Seg\u00fan el Servicio Meteorol\u00f3gico Nacional (SMN), la semana estar\u00e1 marcada por cielos despejados, pero con m\u00ednimas que oscilar\u00e1n entre los 6 y 15 grados. A esto se le sumar\u00e1n r\u00e1fagas de viento de m\u00e1s de 50 km\/h, especialmente durante este lunes y el pr\u00f3ximo mi\u00e9rcoles, lo que desplomar\u00e1 a\u00fan m\u00e1s la sensaci\u00f3n t\u00e9rmica en las calles. Sin embargo,&hellip;<\/p>\n","protected":false},"author":6,"featured_media":20884,"comment_status":"open","ping_status":"open","sticky":false,"template":"","format":"standard","meta":{"_acf_changed":false,"footnotes":""},"categories":[3],"tags":[],"class_list":["post-42447","post","type-post","status-publish","format-standard","has-post-thumbnail","hentry","category-la-plata"],"acf":[],"aioseo_notices":[],"_links":{"self":[{"href":"https:\/\/larealidaddelaplata.com.ar\/index.php\/wp-json\/wp\/v2\/posts\/42447"}],"collection":[{"href":"https:\/\/larealidaddelaplata.com.ar\/index.php\/wp-json\/wp\/v2\/posts"}],"about":[{"href":"https:\/\/larealidaddelaplata.com.ar\/index.php\/wp-json\/wp\/v2\/types\/post"}],"author":[{"embeddable":true,"href":"https:\/\/larealidaddelaplata.com.ar\/index.php\/wp-json\/wp\/v2\/users\/6"}],"replies":[{"embeddable":true,"href":"https:\/\/larealidaddelaplata.com.ar\/index.php\/wp-json\/wp\/v2\/comments?post=42447"}],"version-history":[{"count":1,"href":"https:\/\/larealidaddelaplata.com.ar\/index.php\/wp-json\/wp\/v2\/posts\/42447\/revisions"}],"predecessor-version":[{"id":42448,"href":"https:\/\/larealidaddelaplata.com.ar\/index.php\/wp-json\/wp\/v2\/posts\/42447\/revisions\/42448"}],"wp:featuredmedia":[{"embeddable":true,"href":"https:\/\/larealidaddelaplata.com.ar\/index.php\/wp-json\/wp\/v2\/media\/20884"}],"wp:attachment":[{"href":"https:\/\/larealidaddelaplata.com.ar\/index.php\/wp-json\/wp\/v2\/media?parent=42447"}],"wp:term":[{"taxonomy":"category","embeddable":true,"href":"https:\/\/larealidaddelaplata.com.ar\/index.php\/wp-json\/wp\/v2\/categories?post=42447"},{"taxonomy":"post_tag","embeddable":true,"href":"https:\/\/larealidaddelaplata.com.ar\/index.php\/wp-json\/wp\/v2\/tags?post=42447"}],"curies":[{"name":"wp","href":"https:\/\/api.w.org\/{rel}","templated":true}]}}