{"id":42455,"date":"2026-04-28T15:54:45","date_gmt":"2026-04-28T18:54:45","guid":{"rendered":"https:\/\/larealidaddelaplata.com.ar\/?p=42455"},"modified":"2026-04-28T15:54:48","modified_gmt":"2026-04-28T18:54:48","slug":"alarma-en-la-unlp-investigan-una-amenaza-de-tiroteo-en-ciencias-economicas","status":"publish","type":"post","link":"https:\/\/larealidaddelaplata.com.ar\/index.php\/2026\/04\/28\/alarma-en-la-unlp-investigan-una-amenaza-de-tiroteo-en-ciencias-economicas\/","title":{"rendered":"Alarma en la UNLP: investigan una amenaza de tiroteo en Ciencias Econ\u00f3micas"},"content":{"rendered":"\n<p>La ola de amenazas de tiroteo que afecta a las escuelas de la regi\u00f3n lleg\u00f3 a la Universidad Nacional de La Plata (UNLP). Estudiantes de la Facultad de Ciencias Econ\u00f3micas (FCE) denunciaron el hallazgo de un mensaje intimidatorio.<\/p>\n\n\n\n<p>El texto hallado en el edificio es directo y advierte: &#8220;Prep\u00e1rense que el martes 5\/5 tiroteo en la Facultad&#8221;.<\/p>\n\n\n\n<p>Ante esta situaci\u00f3n, las autoridades de la facultad dieron aviso a la Direcci\u00f3n de Pol\u00edticas y Estrategias de Prevenci\u00f3n Universitaria. Esta \u00e1rea ya se encuentra trabajando de manera coordinada con el Ministerio de Seguridad bonaerense para implementar las medidas correspondientes.<\/p>\n\n\n\n<figure class=\"wp-block-image size-large\"><img loading=\"lazy\" decoding=\"async\" width=\"1024\" height=\"767\" src=\"https:\/\/larealidaddelaplata.com.ar\/wp-content\/uploads\/2026\/04\/whatsapp-image-2026-04-28-at-112555-1024x767.webp\" alt=\"\" class=\"wp-image-42457\" srcset=\"https:\/\/larealidaddelaplata.com.ar\/wp-content\/uploads\/2026\/04\/whatsapp-image-2026-04-28-at-112555-1024x767.webp 1024w, https:\/\/larealidaddelaplata.com.ar\/wp-content\/uploads\/2026\/04\/whatsapp-image-2026-04-28-at-112555-300x225.webp 300w, https:\/\/larealidaddelaplata.com.ar\/wp-content\/uploads\/2026\/04\/whatsapp-image-2026-04-28-at-112555-768x575.webp 768w, https:\/\/larealidaddelaplata.com.ar\/wp-content\/uploads\/2026\/04\/whatsapp-image-2026-04-28-at-112555.webp 1400w\" sizes=\"(max-width: 1024px) 100vw, 1024px\" \/><\/figure>\n\n\n\n<p>Al tratarse del primer episodio de este tipo registrado dentro de un edificio universitario, la investigaci\u00f3n podr\u00eda quedar a cargo de la Justicia Federal por una cuesti\u00f3n de jurisdicci\u00f3n institucional. Este caso se suma a una serie de intimidaciones iniciadas a mediados de abril en distintos establecimientos educativos de La Plata y la provincia.<\/p>\n\n\n\n<p>Hasta el momento, la Justicia unific\u00f3 m\u00e1s de 50 denuncias en un solo expediente para analizar el fen\u00f3meno de forma integral. A partir de esta investigaci\u00f3n, ya se logr\u00f3 identificar a unos 30 menores involucrados.<\/p>\n","protected":false},"excerpt":{"rendered":"<p>La ola de amenazas de tiroteo que afecta a las escuelas de la regi\u00f3n lleg\u00f3 a la Universidad Nacional de La Plata (UNLP). Estudiantes de la Facultad de Ciencias Econ\u00f3micas (FCE) denunciaron el hallazgo de un mensaje intimidatorio. El texto hallado en el edificio es directo y advierte: &#8220;Prep\u00e1rense que el martes 5\/5 tiroteo en la Facultad&#8221;. Ante esta situaci\u00f3n, las autoridades de la facultad dieron aviso a la Direcci\u00f3n&hellip;<\/p>\n","protected":false},"author":6,"featured_media":42456,"comment_status":"open","ping_status":"open","sticky":false,"template":"","format":"standard","meta":{"_acf_changed":false,"footnotes":""},"categories":[9],"tags":[],"class_list":["post-42455","post","type-post","status-publish","format-standard","has-post-thumbnail","hentry","category-universidad"],"acf":[],"aioseo_notices":[],"_links":{"self":[{"href":"https:\/\/larealidaddelaplata.com.ar\/index.php\/wp-json\/wp\/v2\/posts\/42455"}],"collection":[{"href":"https:\/\/larealidaddelaplata.com.ar\/index.php\/wp-json\/wp\/v2\/posts"}],"about":[{"href":"https:\/\/larealidaddelaplata.com.ar\/index.php\/wp-json\/wp\/v2\/types\/post"}],"author":[{"embeddable":true,"href":"https:\/\/larealidaddelaplata.com.ar\/index.php\/wp-json\/wp\/v2\/users\/6"}],"replies":[{"embeddable":true,"href":"https:\/\/larealidaddelaplata.com.ar\/index.php\/wp-json\/wp\/v2\/comments?post=42455"}],"version-history":[{"count":1,"href":"https:\/\/larealidaddelaplata.com.ar\/index.php\/wp-json\/wp\/v2\/posts\/42455\/revisions"}],"predecessor-version":[{"id":42458,"href":"https:\/\/larealidaddelaplata.com.ar\/index.php\/wp-json\/wp\/v2\/posts\/42455\/revisions\/42458"}],"wp:featuredmedia":[{"embeddable":true,"href":"https:\/\/larealidaddelaplata.com.ar\/index.php\/wp-json\/wp\/v2\/media\/42456"}],"wp:attachment":[{"href":"https:\/\/larealidaddelaplata.com.ar\/index.php\/wp-json\/wp\/v2\/media?parent=42455"}],"wp:term":[{"taxonomy":"category","embeddable":true,"href":"https:\/\/larealidaddelaplata.com.ar\/index.php\/wp-json\/wp\/v2\/categories?post=42455"},{"taxonomy":"post_tag","embeddable":true,"href":"https:\/\/larealidaddelaplata.com.ar\/index.php\/wp-json\/wp\/v2\/tags?post=42455"}],"curies":[{"name":"wp","href":"https:\/\/api.w.org\/{rel}","templated":true}]}}