{"id":42459,"date":"2026-04-28T16:00:03","date_gmt":"2026-04-28T19:00:03","guid":{"rendered":"https:\/\/larealidaddelaplata.com.ar\/?p=42459"},"modified":"2026-04-28T16:00:26","modified_gmt":"2026-04-28T19:00:26","slug":"duelo-clave-en-la-libertadores-estudiantes-define-el-equipo-para-recibir-a-flamengo","status":"publish","type":"post","link":"https:\/\/larealidaddelaplata.com.ar\/index.php\/2026\/04\/28\/duelo-clave-en-la-libertadores-estudiantes-define-el-equipo-para-recibir-a-flamengo\/","title":{"rendered":"Duelo clave en la Libertadores: Estudiantes define el equipo para recibir a Flamengo"},"content":{"rendered":"\n<p>Estudiantes de La Plata se prepara para recibir a Flamengo por la tercera fecha del Grupo A de la Copa Libertadores, en lo que ser\u00e1 un duelo trascendental para definir el liderazgo de la zona. De cara a este importante compromiso internacional, el entrenador <strong>Alexander Medina<\/strong> se encuentra ultimando los detalles de la formaci\u00f3n titular, la cual presentar\u00eda el esperado regreso de Eric Meza en el sector defensivo y mantiene una duda central en el mediocampo con la posible inclusi\u00f3n de Gabriel Neves.<\/p>\n\n\n\n<p>Durante la conferencia de prensa previa al partido, el t\u00e9cnico dej\u00f3 entrever algunas pistas sobre el armado del once inicial, aunque la confirmaci\u00f3n oficial llegar\u00e1 reci\u00e9n despu\u00e9s del \u00faltimo entrenamiento vespertino. El principal foco de atenci\u00f3n est\u00e1 puesto en la mitad de la cancha, donde <strong>el uruguayo Neves sum\u00f3 muchos puntos en la consideraci\u00f3n del cuerpo t\u00e9cnico<\/strong> tras su buena actuaci\u00f3n en el reciente empate ante Talleres. Su ingreso modificar\u00eda el equilibrio del equipo en una zona neur\u00e1lgica frente a un rival de jerarqu\u00eda, por lo que disputa el puesto mano a mano con el ex Col\u00f3n, Facundo Far\u00edas.<\/p>\n\n\n\n<p>Por otro lado, la gran noticia para el conjunto albirrojo pasa por la \u00faltima l\u00ednea, ya que se confirm\u00f3 el retorno de <strong>Eric Meza<\/strong> para ocupar el lateral. El defensor hab\u00eda encendido todas las alarmas en el \u00faltimo encuentro tras pedir el cambio por una molestia f\u00edsica, pero afortunadamente su evoluci\u00f3n fue muy favorable y estar\u00e1 a disposici\u00f3n desde el arranque. Con este panorama, y a la espera de la decisi\u00f3n final sobre el tercer mediocampista antes de que el plantel quede concentrado, el equipo empieza a perfilarse para el choque ante los brasile\u00f1os.<\/p>\n\n\n\n<p><strong>La probable formaci\u00f3n de Estudiantes:<\/strong><\/p>\n\n\n\n<p>Fernando Muslera; Eric Meza, Leandro Gonz\u00e1lez Pirez, Tom\u00e1s Palacios, Gast\u00f3n Benedetti; Mikel Amondarain, Ezequiel Piovi, Facundo Far\u00edas o Gabriel Neves; Tiago Palacios, Guido Carrillo y Edwuin Cetr\u00e9.<\/p>\n","protected":false},"excerpt":{"rendered":"<p>Estudiantes de La Plata se prepara para recibir a Flamengo por la tercera fecha del Grupo A de la Copa Libertadores, en lo que ser\u00e1 un duelo trascendental para definir el liderazgo de la zona. De cara a este importante compromiso internacional, el entrenador Alexander Medina se encuentra ultimando los detalles de la formaci\u00f3n titular, la cual presentar\u00eda el esperado regreso de Eric Meza en el sector defensivo y mantiene&hellip;<\/p>\n","protected":false},"author":6,"featured_media":42460,"comment_status":"open","ping_status":"open","sticky":false,"template":"","format":"standard","meta":{"_acf_changed":false,"footnotes":""},"categories":[2],"tags":[],"class_list":["post-42459","post","type-post","status-publish","format-standard","has-post-thumbnail","hentry","category-provincia"],"acf":[],"aioseo_notices":[],"_links":{"self":[{"href":"https:\/\/larealidaddelaplata.com.ar\/index.php\/wp-json\/wp\/v2\/posts\/42459"}],"collection":[{"href":"https:\/\/larealidaddelaplata.com.ar\/index.php\/wp-json\/wp\/v2\/posts"}],"about":[{"href":"https:\/\/larealidaddelaplata.com.ar\/index.php\/wp-json\/wp\/v2\/types\/post"}],"author":[{"embeddable":true,"href":"https:\/\/larealidaddelaplata.com.ar\/index.php\/wp-json\/wp\/v2\/users\/6"}],"replies":[{"embeddable":true,"href":"https:\/\/larealidaddelaplata.com.ar\/index.php\/wp-json\/wp\/v2\/comments?post=42459"}],"version-history":[{"count":1,"href":"https:\/\/larealidaddelaplata.com.ar\/index.php\/wp-json\/wp\/v2\/posts\/42459\/revisions"}],"predecessor-version":[{"id":42461,"href":"https:\/\/larealidaddelaplata.com.ar\/index.php\/wp-json\/wp\/v2\/posts\/42459\/revisions\/42461"}],"wp:featuredmedia":[{"embeddable":true,"href":"https:\/\/larealidaddelaplata.com.ar\/index.php\/wp-json\/wp\/v2\/media\/42460"}],"wp:attachment":[{"href":"https:\/\/larealidaddelaplata.com.ar\/index.php\/wp-json\/wp\/v2\/media?parent=42459"}],"wp:term":[{"taxonomy":"category","embeddable":true,"href":"https:\/\/larealidaddelaplata.com.ar\/index.php\/wp-json\/wp\/v2\/categories?post=42459"},{"taxonomy":"post_tag","embeddable":true,"href":"https:\/\/larealidaddelaplata.com.ar\/index.php\/wp-json\/wp\/v2\/tags?post=42459"}],"curies":[{"name":"wp","href":"https:\/\/api.w.org\/{rel}","templated":true}]}}