{"id":42463,"date":"2026-04-29T10:12:23","date_gmt":"2026-04-29T13:12:23","guid":{"rendered":"https:\/\/larealidaddelaplata.com.ar\/?p=42463"},"modified":"2026-04-29T10:12:26","modified_gmt":"2026-04-29T13:12:26","slug":"estudiantes-vs-flamengo-por-la-copa-libertadores-2026-hora-tv-y-formaciones","status":"publish","type":"post","link":"https:\/\/larealidaddelaplata.com.ar\/index.php\/2026\/04\/29\/estudiantes-vs-flamengo-por-la-copa-libertadores-2026-hora-tv-y-formaciones\/","title":{"rendered":"Estudiantes vs. Flamengo por la Copa Libertadores 2026: hora, TV y formaciones"},"content":{"rendered":"\n<p id=\"p-1777419493748-92088\"><strong>Estudiantes&nbsp;<\/strong>recibir\u00e1 este mi\u00e9rcoles desde las 21.30 a&nbsp;<strong>Flamengo&nbsp;<\/strong>por la fecha 3 de la&nbsp;<strong>Copa Libertadores.<\/strong>&nbsp;El encuentro tendr\u00e1 lugar en el&nbsp;<strong>Estadio UNO<\/strong>, el \u00e1rbitro del partido ser\u00e1&nbsp;<strong>Piero Maza<\/strong>&nbsp;y el&nbsp;<strong>VAR&nbsp;<\/strong>estar\u00e1 a cargo de&nbsp;<strong>Juan Lara<\/strong>.<\/p>\n\n\n\n<p id=\"p-1777419493748-69954\">El equipo de\u00a0<strong>Alexander Medina<\/strong>\u00a0viene de empatar ante\u00a0<strong>Talleres<\/strong>, aunque anteriormente ya hab\u00eda logrado la clasificaci\u00f3n a los octavos de final del\u00a0<strong>Torneo Apertura<\/strong>. Por su parte, los de\u00a0<strong>R\u00edo de Janeiro<\/strong>\u00a0se despacharon con un 4 a 0 contra el\u00a0<strong>Atl\u00e9tico Mineiro\u00a0<\/strong>de\u00a0<strong>Eduardo Dom\u00ednguez<\/strong>.<\/p>\n\n\n\n<h2 class=\"wp-block-heading\" id=\"p-1777061005103-35877\">\u00bfC\u00f3mo llega Estudiantes?<\/h2>\n\n\n\n<p id=\"p-1777061005103-1404\">Tras tres triunfos seguidos conseguidos en las \u00faltimas semanas y consumada la clasificaci\u00f3n, el equipo comandado por el&nbsp;<strong>Cacique Medina&nbsp;<\/strong>igual\u00f3 contra los cordobeses. Ahora, de nuevo en el plano internacional, tiene la chance de ser puntero de su grupo.<\/p>\n\n\n\n<p id=\"p-1777419692931-75615\">Esto sucede porque viene invicto al empatar contra\u00a0<strong>Independiente Medell\u00edn\u00a0<\/strong>y ganarle a\u00a0<strong>Cusco FC\u00a0<\/strong>de local. Respecto al equipo,\u00a0el entrenador sorprende con la duda entre\u00a0<strong>Gabriel Neves\u00a0<\/strong>desde el arranque o la continuidad de\u00a0<strong>Facundo<\/strong>\u00a0<strong>Far\u00edas<\/strong>, adem\u00e1s de que vuelven\u00a0<strong>Eric Meza\u00a0<\/strong>y\u00a0<strong>Guido Carrillo<\/strong>.<\/p>\n\n\n\n<h2 class=\"wp-block-heading\" id=\"p-1777061005103-35877\">\u00bfC\u00f3mo llega Flamengo?<\/h2>\n\n\n\n<p id=\"p-1777419800538-7009\">Los dirigidos por&nbsp;<strong>Leonardo Jardim&nbsp;<\/strong>est\u00e1n en un gran momento con 7 partidos sin derrotas entre&nbsp;<strong>Brasileirao&nbsp;<\/strong>y la Libertadores. Actualmente est\u00e1 segundo en el torneo brasilero, a seis puntos y con un partido menos del&nbsp;<strong>Palmeiras<\/strong>.<\/p>\n\n\n\n<p id=\"p-1777419892362-2611\">En cuanto a la Copa Libertadores, gan\u00f3 los dos encuentros frente al\u00a0<strong>DIM\u00a0<\/strong>y\u00a0<strong>Cusco\u00a0<\/strong>por lo que est\u00e1 en el primer lugar. En el once,\u00a0<strong>Lucas Paquet\u00e1\u00a0<\/strong>sigue afuera por lesi\u00f3n y\u00a0<strong>Jorginho\u00a0<\/strong>ser\u00eda titular. Jardim tiene dos dudas:\u00a0<strong>Danilo\u00a0<\/strong>o\u00a0<strong>Vit\u00e3o<\/strong>\u00a0en la defensa y\u00a0<strong>Samuel Lino\u00a0<\/strong>o\u00a0<strong>Bruno Henrique\u00a0<\/strong>en el ataque.<\/p>\n\n\n\n<h2 class=\"wp-block-heading\" id=\"p-1777061503441-25704\">La probable formaci\u00f3n de Estudiantes<\/h2>\n\n\n\n<ul id=\"p-1777061503441-23580\" class=\"wp-block-list\">\n<li>Fernando Muslera; Eric Meza, Leandro Gonz\u00e1lez Pirez, Tom\u00e1s Palacios, Gast\u00f3n Benedetti; Mikel Amondarain, Ezequiel Piovi, Facundo Far\u00edas o Gabriel Neves; Tiago Palacios, Guido Carrillo y Edwuin Cetr\u00e9<\/li>\n<\/ul>\n\n\n\n<h2 class=\"wp-block-heading\" id=\"p-1777061511885-55916\">El posible equipo de Flamengo<\/h2>\n\n\n\n<ul id=\"p-1777061511885-40323\" class=\"wp-block-list\">\n<li>Agust\u00edn Rossi; Emerson Royal, Danilo o Vit\u00e3o, L\u00e9o Ortiz y Ayrton Lucas; Jorginho, Evertton Ara\u00fajo y Giorgian De Arrascaeta; Gonzalo Plata, Pedro y Samuel Lino o Bruno Henrique<\/li>\n<\/ul>\n\n\n\n<h2 class=\"wp-block-heading\" id=\"p-1777061511885-83338\">Estudiantes vs. Flamengo: datos del partido<\/h2>\n\n\n\n<ul id=\"p-1777061511885-48352\" class=\"wp-block-list\">\n<li>\u00c1rbitro: Piero Maza<\/li>\n\n\n\n<li>VAR: Juan Lara<\/li>\n\n\n\n<li>Estadio: Jorge Luis Hirschi<\/li>\n\n\n\n<li>Hora: 21.30<\/li>\n\n\n\n<li>TV: Fox Sports, Disney+ Premium<\/li>\n<\/ul>\n","protected":false},"excerpt":{"rendered":"<p>Estudiantes&nbsp;recibir\u00e1 este mi\u00e9rcoles desde las 21.30 a&nbsp;Flamengo&nbsp;por la fecha 3 de la&nbsp;Copa Libertadores.&nbsp;El encuentro tendr\u00e1 lugar en el&nbsp;Estadio UNO, el \u00e1rbitro del partido ser\u00e1&nbsp;Piero Maza&nbsp;y el&nbsp;VAR&nbsp;estar\u00e1 a cargo de&nbsp;Juan Lara. El equipo de\u00a0Alexander Medina\u00a0viene de empatar ante\u00a0Talleres, aunque anteriormente ya hab\u00eda logrado la clasificaci\u00f3n a los octavos de final del\u00a0Torneo Apertura. Por su parte, los de\u00a0R\u00edo de Janeiro\u00a0se despacharon con un 4 a 0 contra el\u00a0Atl\u00e9tico Mineiro\u00a0de\u00a0Eduardo Dom\u00ednguez. \u00bfC\u00f3mo llega&hellip;<\/p>\n","protected":false},"author":3,"featured_media":42266,"comment_status":"open","ping_status":"open","sticky":false,"template":"","format":"standard","meta":{"_acf_changed":false,"footnotes":""},"categories":[2],"tags":[],"class_list":["post-42463","post","type-post","status-publish","format-standard","has-post-thumbnail","hentry","category-provincia"],"acf":[],"aioseo_notices":[],"_links":{"self":[{"href":"https:\/\/larealidaddelaplata.com.ar\/index.php\/wp-json\/wp\/v2\/posts\/42463"}],"collection":[{"href":"https:\/\/larealidaddelaplata.com.ar\/index.php\/wp-json\/wp\/v2\/posts"}],"about":[{"href":"https:\/\/larealidaddelaplata.com.ar\/index.php\/wp-json\/wp\/v2\/types\/post"}],"author":[{"embeddable":true,"href":"https:\/\/larealidaddelaplata.com.ar\/index.php\/wp-json\/wp\/v2\/users\/3"}],"replies":[{"embeddable":true,"href":"https:\/\/larealidaddelaplata.com.ar\/index.php\/wp-json\/wp\/v2\/comments?post=42463"}],"version-history":[{"count":1,"href":"https:\/\/larealidaddelaplata.com.ar\/index.php\/wp-json\/wp\/v2\/posts\/42463\/revisions"}],"predecessor-version":[{"id":42464,"href":"https:\/\/larealidaddelaplata.com.ar\/index.php\/wp-json\/wp\/v2\/posts\/42463\/revisions\/42464"}],"wp:featuredmedia":[{"embeddable":true,"href":"https:\/\/larealidaddelaplata.com.ar\/index.php\/wp-json\/wp\/v2\/media\/42266"}],"wp:attachment":[{"href":"https:\/\/larealidaddelaplata.com.ar\/index.php\/wp-json\/wp\/v2\/media?parent=42463"}],"wp:term":[{"taxonomy":"category","embeddable":true,"href":"https:\/\/larealidaddelaplata.com.ar\/index.php\/wp-json\/wp\/v2\/categories?post=42463"},{"taxonomy":"post_tag","embeddable":true,"href":"https:\/\/larealidaddelaplata.com.ar\/index.php\/wp-json\/wp\/v2\/tags?post=42463"}],"curies":[{"name":"wp","href":"https:\/\/api.w.org\/{rel}","templated":true}]}}