{"id":42465,"date":"2026-04-29T10:22:05","date_gmt":"2026-04-29T13:22:05","guid":{"rendered":"https:\/\/larealidaddelaplata.com.ar\/?p=42465"},"modified":"2026-04-29T10:22:07","modified_gmt":"2026-04-29T13:22:07","slug":"denunciaron-por-abuso-sexual-a-un-profesor-de-boxeo-de-estudiantes-de-la-plata-a","status":"publish","type":"post","link":"https:\/\/larealidaddelaplata.com.ar\/index.php\/2026\/04\/29\/denunciaron-por-abuso-sexual-a-un-profesor-de-boxeo-de-estudiantes-de-la-plata-a\/","title":{"rendered":"Denunciaron por abuso sexual a un profesor de boxeo de Estudiantes de La Plata a"},"content":{"rendered":"\n<p id=\"p-1777460238212-82730\">El entrenador de&nbsp;<strong>boxeo&nbsp;<\/strong>de&nbsp;<strong>Estudiantes<\/strong>&nbsp;acusado de&nbsp;<strong>abuso sexual<\/strong>&nbsp;se present\u00f3 ante la Justicia, design\u00f3 a dos abogados y formaliz\u00f3 su defensa. La denuncia fue realizada en La Plata por una joven de 20 a\u00f1os que entrenaba en el club. La instituci\u00f3n activ\u00f3 el protocolo de prevenci\u00f3n y suspendi\u00f3 al implicado.<\/p>\n\n\n\n<p id=\"p-1777460238212-61427\">La presentaci\u00f3n del acusado busca demostrar su voluntad de someterse al proceso. Este paso puede incidir en la evaluaci\u00f3n de los riesgos procesales y, eventualmente, evitar una detenci\u00f3n mientras avanza la investigaci\u00f3n penal. La causa est\u00e1 a cargo de la fiscal&nbsp;<strong>Mar\u00eda Eugenia Di Lorenzo<\/strong>.<\/p>\n\n\n\n<p id=\"p-1777373204419-17098\">De acuerdo al relato de la denunciante,\u00a0los hechos comenzaron cuando ten\u00eda 16 a\u00f1os y viv\u00eda en un hogar de abrigo municipal. En ese contexto, seg\u00fan denunci\u00f3, el acusado la pasaba a buscar para llevarla a entrenar y, durante los traslados, realizaba comentarios sobre su cuerpo que le generaban incomodidad.<\/p>\n\n\n\n<p id=\"p-1777373204419-2343\">En la denuncia consta que, en una oportunidad,\u00a0el hombre la habr\u00eda llevado bajo enga\u00f1os a su casa, donde se le acerc\u00f3, la toc\u00f3 y le baj\u00f3 los pantalones. La joven logr\u00f3 escapar de la situaci\u00f3n y, al regresar al hogar, sufri\u00f3 una crisis de angustia. D\u00edas despu\u00e9s \u2013siempre seg\u00fan su testimonio\u2013 el entrenador volvi\u00f3 a insistir con conductas de acercamiento f\u00edsico durante otro traslado, aunque ella rechaz\u00f3 cualquier contacto.<\/p>\n\n\n\n<p id=\"p-1777373204419-58525\">Uno de los episodios m\u00e1s graves habr\u00eda ocurrido tras una exhibici\u00f3n de boxeo en la&nbsp;<strong>Ciudad Aut\u00f3noma de Buenos Aires<\/strong>&nbsp;(<strong>CABA<\/strong>): seg\u00fan la presentaci\u00f3n judicial,&nbsp;al regresar a La Plata el acusado desvi\u00f3 el recorrido y la llev\u00f3 contra su voluntad a una habitaci\u00f3n de hotel, donde la someti\u00f3 sexualmente. La joven relat\u00f3 que qued\u00f3 en estado de shock, paralizada, e indic\u00f3 que luego los abusos se repitieron en distintas ocasiones, principalmente en el domicilio del sospechoso.<\/p>\n\n\n\n<p id=\"p-1777373204419-74158\">En diciembre de 2025, tras regresar de unas vacaciones, decidi\u00f3 poner fin a la situaci\u00f3n. De acuerdo a su testimonio,&nbsp;el hombre le asegur\u00f3 que manten\u00edan &#8220;una relaci\u00f3n amorosa&#8221;, algo que ella neg\u00f3 rotundamente.<\/p>\n\n\n\n<p id=\"p-1777373204419-89250\">La v\u00edctima tambi\u00e9n indic\u00f3 que atraves\u00f3 un cuadro de fuerte afectaci\u00f3n emocional, con ideas intrusivas que incluso la llevaron a atentar contra su propia vida. Finalmente, cont\u00f3 lo sucedido a la psic\u00f3loga del hogar y a una persona de su entorno, quienes la impulsaron a radicar la denuncia. Actualmente vive sola.<\/p>\n\n\n\n<h2 class=\"wp-block-heading\" id=\"p-1777460238213-76219\">La respuesta de Estudiantes<\/h2>\n\n\n\n<p id=\"p-1777460238213-3922\">El club Estudiantes de La Plata inform\u00f3 que activ\u00f3 sus protocolos internos tras la denuncia. En ese marco, a trav\u00e9s de su cuenta de X institucional, public\u00f3 un comunicado oficial en el que inform\u00f3 que intervino el \u00e1rea correspondiente y que brind\u00f3 acompa\u00f1amiento a la denunciante desde el inicio del proceso.<\/p>\n\n\n\n<p id=\"p-1777460410078-43076\">&#8220;La Comisi\u00f3n Directiva procedi\u00f3 a la suspensi\u00f3n preventiva de todas las funciones del trabajador denunciado mientras se sustancia el procedimiento correspondiente&#8221;, agregaron.<\/p>\n\n\n\n<blockquote class=\"twitter-tweet\"><p lang=\"es\" dir=\"ltr\">COMUNICADO OFICIAL<br><br>El Club Estudiantes de La Plata informa que, ante la denuncia contra un trabajador de la instituci\u00f3n por violencia de g\u00e9nero radicada ante la Justicia, se desplegaron de manera inmediata todas las herramientas institucionales para acompa\u00f1ar a la denunciante y\u2026<\/p>&mdash; Estudiantes de La Plata Club (@edelpclub) <a href=\"https:\/\/twitter.com\/edelpclub\/status\/2049259570183418345?ref_src=twsrc%5Etfw\">April 28, 2026<\/a><\/blockquote> <script async src=\"https:\/\/platform.twitter.com\/widgets.js\" charset=\"utf-8\"><\/script>\n\n\n\n<p id=\"p-1777462217984-57957\">Adem\u00e1s, el comunicado cierra apelando a resguardar la privacidad de la denunciante: &#8220;El Club Estudiantes de La Plata exige a los medios de comunicaci\u00f3n y a la comunidad en general que act\u00faen con plena responsabilidad y sensibilidad, absteni\u00e9ndose de difundir datos que permitan identificar a la denunciante y resguardando su identidad y privacidad&#8221;.<\/p>\n\n\n\n<p><\/p>\n","protected":false},"excerpt":{"rendered":"<p>El entrenador de&nbsp;boxeo&nbsp;de&nbsp;Estudiantes&nbsp;acusado de&nbsp;abuso sexual&nbsp;se present\u00f3 ante la Justicia, design\u00f3 a dos abogados y formaliz\u00f3 su defensa. La denuncia fue realizada en La Plata por una joven de 20 a\u00f1os que entrenaba en el club. La instituci\u00f3n activ\u00f3 el protocolo de prevenci\u00f3n y suspendi\u00f3 al implicado. La presentaci\u00f3n del acusado busca demostrar su voluntad de someterse al proceso. Este paso puede incidir en la evaluaci\u00f3n de los riesgos procesales y,&hellip;<\/p>\n","protected":false},"author":3,"featured_media":42466,"comment_status":"open","ping_status":"open","sticky":false,"template":"","format":"standard","meta":{"_acf_changed":false,"footnotes":""},"categories":[2],"tags":[],"class_list":["post-42465","post","type-post","status-publish","format-standard","has-post-thumbnail","hentry","category-provincia"],"acf":[],"aioseo_notices":[],"_links":{"self":[{"href":"https:\/\/larealidaddelaplata.com.ar\/index.php\/wp-json\/wp\/v2\/posts\/42465"}],"collection":[{"href":"https:\/\/larealidaddelaplata.com.ar\/index.php\/wp-json\/wp\/v2\/posts"}],"about":[{"href":"https:\/\/larealidaddelaplata.com.ar\/index.php\/wp-json\/wp\/v2\/types\/post"}],"author":[{"embeddable":true,"href":"https:\/\/larealidaddelaplata.com.ar\/index.php\/wp-json\/wp\/v2\/users\/3"}],"replies":[{"embeddable":true,"href":"https:\/\/larealidaddelaplata.com.ar\/index.php\/wp-json\/wp\/v2\/comments?post=42465"}],"version-history":[{"count":1,"href":"https:\/\/larealidaddelaplata.com.ar\/index.php\/wp-json\/wp\/v2\/posts\/42465\/revisions"}],"predecessor-version":[{"id":42467,"href":"https:\/\/larealidaddelaplata.com.ar\/index.php\/wp-json\/wp\/v2\/posts\/42465\/revisions\/42467"}],"wp:featuredmedia":[{"embeddable":true,"href":"https:\/\/larealidaddelaplata.com.ar\/index.php\/wp-json\/wp\/v2\/media\/42466"}],"wp:attachment":[{"href":"https:\/\/larealidaddelaplata.com.ar\/index.php\/wp-json\/wp\/v2\/media?parent=42465"}],"wp:term":[{"taxonomy":"category","embeddable":true,"href":"https:\/\/larealidaddelaplata.com.ar\/index.php\/wp-json\/wp\/v2\/categories?post=42465"},{"taxonomy":"post_tag","embeddable":true,"href":"https:\/\/larealidaddelaplata.com.ar\/index.php\/wp-json\/wp\/v2\/tags?post=42465"}],"curies":[{"name":"wp","href":"https:\/\/api.w.org\/{rel}","templated":true}]}}