{"id":42468,"date":"2026-04-30T10:37:56","date_gmt":"2026-04-30T13:37:56","guid":{"rendered":"https:\/\/larealidaddelaplata.com.ar\/?p=42468"},"modified":"2026-04-30T10:37:59","modified_gmt":"2026-04-30T13:37:59","slug":"todos-los-aumentos-de-mayo-en-servicios-transporte-y-prepagas-que-presionan-la-inflacion","status":"publish","type":"post","link":"https:\/\/larealidaddelaplata.com.ar\/index.php\/2026\/04\/30\/todos-los-aumentos-de-mayo-en-servicios-transporte-y-prepagas-que-presionan-la-inflacion\/","title":{"rendered":"Todos los aumentos de mayo en servicios, transporte y prepagas que presionan la inflaci\u00f3n"},"content":{"rendered":"\n<p id=\"p-1777471458962-17483\">El mes de mayo traer\u00e1 una nueva serie de aumentos en servicios esenciales que volver\u00e1n a presionar sobre el bolsillo de los argentinos. Las subas alcanzan a las prepagas, el transporte p\u00fablico y la telefon\u00eda, entre otros rubros.<\/p>\n\n\n\n<p id=\"p-1777471458962-13167\">Estos incrementos se dan mientras el mercado espera el dato de inflaci\u00f3n de abril, que seg\u00fan analistas privados y el&nbsp;<strong>Relevamiento de Expectativas de Mercado&nbsp;<\/strong>(<strong>REM<\/strong>) del&nbsp;<strong>Banco Central<\/strong>&nbsp;se ubicar\u00eda en torno al 2,6%, por debajo del 3,4% registrado en marzo.<\/p>\n\n\n\n<p id=\"p-1777471458962-43438\">En cuanto a la medicina privada,&nbsp;las prepagas informaron subas de entre 3% y 3,9% en sus cuotas durante mayo. El incremento tambi\u00e9n impactar\u00e1 en los copagos y se ubica en l\u00ednea con la din\u00e1mica inflacionaria reciente.<\/p>\n\n\n\n<h2 class=\"wp-block-heading\" id=\"p-1777471458962-54969\">Aumentos en transporte p\u00fablico y tarifas<\/h2>\n\n\n\n<p id=\"p-1777471458962-66351\">El transporte p\u00fablico tambi\u00e9n tendr\u00e1 un nuevo ajuste. Si se confirma, desde el 4 de mayo\u00a0los boletos de micros en la ciudad aumentar\u00e1n cerca de 11%.\u00a0El boleto m\u00e1s barato en La Plata,\u00a0<strong>Berisso\u00a0<\/strong>y\u00a0<strong>Ensenada\u00a0<\/strong>pasar\u00eda de $948,91 a $1.053,30.<\/p>\n\n\n\n<p id=\"p-1777471458962-83676\">En el caso de los peajes, los valores para veh\u00edculos livianos en autopistas como 25 de Mayo y Perito Moreno ser\u00e1n de $4.319,63 en horas normales y $6.121,62 en horario pico.<\/p>\n\n\n\n<figure class=\"wp-block-image\"><img decoding=\"async\" src=\"https:\/\/media.0221.com.ar\/p\/e23b99992b854b1ff89147d5978a6977\/adjuntos\/357\/imagenes\/100\/273\/0100273451\/1400x0\/1597x2154:1617x2174\/micros-linea-norte-4.jpg\" alt=\"En mayo llegan nuevos aumentos que presionar\u00e1n a la inflaci\u00f3n\" title=\"En mayo llegan nuevos aumentos que presionar\u00e1n a la inflaci\u00f3n\"\/><\/figure>\n\n\n\n<p id=\"p-1777474943055-27065\"><\/p>\n\n\n\n<p id=\"p-1777471458962-19811\">Por su parte, la empresa Movistar anunci\u00f3 un aumento del 3,5% en los planes m\u00f3viles a partir del 1\u00b0 de mayo. En tanto, a\u00fan no se confirmaron los ajustes para servicios como luz, gas e internet en el&nbsp;<strong>\u00c1rea Metropolitana de Buenos Aires&nbsp;<\/strong>(<strong>AMBA<\/strong>).<\/p>\n\n\n\n<p id=\"p-1777471458962-22221\">Con este escenario, mayo se perfila como un mes con nuevas presiones inflacionarias, impulsadas por la actualizaci\u00f3n de tarifas en servicios clave.<\/p>\n","protected":false},"excerpt":{"rendered":"<p>El mes de mayo traer\u00e1 una nueva serie de aumentos en servicios esenciales que volver\u00e1n a presionar sobre el bolsillo de los argentinos. Las subas alcanzan a las prepagas, el transporte p\u00fablico y la telefon\u00eda, entre otros rubros. Estos incrementos se dan mientras el mercado espera el dato de inflaci\u00f3n de abril, que seg\u00fan analistas privados y el&nbsp;Relevamiento de Expectativas de Mercado&nbsp;(REM) del&nbsp;Banco Central&nbsp;se ubicar\u00eda en torno al 2,6%, por&hellip;<\/p>\n","protected":false},"author":3,"featured_media":1103,"comment_status":"open","ping_status":"open","sticky":false,"template":"","format":"standard","meta":{"_acf_changed":false,"footnotes":""},"categories":[2],"tags":[],"class_list":["post-42468","post","type-post","status-publish","format-standard","has-post-thumbnail","hentry","category-provincia"],"acf":[],"aioseo_notices":[],"_links":{"self":[{"href":"https:\/\/larealidaddelaplata.com.ar\/index.php\/wp-json\/wp\/v2\/posts\/42468"}],"collection":[{"href":"https:\/\/larealidaddelaplata.com.ar\/index.php\/wp-json\/wp\/v2\/posts"}],"about":[{"href":"https:\/\/larealidaddelaplata.com.ar\/index.php\/wp-json\/wp\/v2\/types\/post"}],"author":[{"embeddable":true,"href":"https:\/\/larealidaddelaplata.com.ar\/index.php\/wp-json\/wp\/v2\/users\/3"}],"replies":[{"embeddable":true,"href":"https:\/\/larealidaddelaplata.com.ar\/index.php\/wp-json\/wp\/v2\/comments?post=42468"}],"version-history":[{"count":1,"href":"https:\/\/larealidaddelaplata.com.ar\/index.php\/wp-json\/wp\/v2\/posts\/42468\/revisions"}],"predecessor-version":[{"id":42469,"href":"https:\/\/larealidaddelaplata.com.ar\/index.php\/wp-json\/wp\/v2\/posts\/42468\/revisions\/42469"}],"wp:featuredmedia":[{"embeddable":true,"href":"https:\/\/larealidaddelaplata.com.ar\/index.php\/wp-json\/wp\/v2\/media\/1103"}],"wp:attachment":[{"href":"https:\/\/larealidaddelaplata.com.ar\/index.php\/wp-json\/wp\/v2\/media?parent=42468"}],"wp:term":[{"taxonomy":"category","embeddable":true,"href":"https:\/\/larealidaddelaplata.com.ar\/index.php\/wp-json\/wp\/v2\/categories?post=42468"},{"taxonomy":"post_tag","embeddable":true,"href":"https:\/\/larealidaddelaplata.com.ar\/index.php\/wp-json\/wp\/v2\/tags?post=42468"}],"curies":[{"name":"wp","href":"https:\/\/api.w.org\/{rel}","templated":true}]}}