{"id":42470,"date":"2026-04-30T10:44:00","date_gmt":"2026-04-30T13:44:00","guid":{"rendered":"https:\/\/larealidaddelaplata.com.ar\/?p=42470"},"modified":"2026-04-30T10:44:02","modified_gmt":"2026-04-30T13:44:02","slug":"asesinaron-a-una-mujer-en-la-plata-en-medio-de-una-discusion-en-un-comercio","status":"publish","type":"post","link":"https:\/\/larealidaddelaplata.com.ar\/index.php\/2026\/04\/30\/asesinaron-a-una-mujer-en-la-plata-en-medio-de-una-discusion-en-un-comercio\/","title":{"rendered":"Asesinaron a una mujer en La Plata en medio de una discusi\u00f3n en un comercio"},"content":{"rendered":"\n<p id=\"p-1777501909986-82891\">El crimen de una mujer en un local de cotill\u00f3n de&nbsp;<strong>La Plata<\/strong>&nbsp;gener\u00f3 una fuerte conmoci\u00f3n este mi\u00e9rcoles, mientras la Justicia avanza con la investigaci\u00f3n y comienzan a conocerse detalles clave del caso. En las \u00faltimas horas, adem\u00e1s,&nbsp;se difundi\u00f3 videos que muestran el momento en que la Polic\u00eda detuvo al principal sospechoso.<\/p>\n\n\n\n<p id=\"p-1777501909986-12328\">El episodio ocurri\u00f3 durante la tarde en un comercio ubicado en la zona de 37 entre 9 y 10, donde un hombre ingres\u00f3 y, por motivos que estar\u00edan\u00a0relacionados con una deuda de alquiler, disparo contra la mujer que atend\u00eda el lugar.<\/p>\n\n\n\n<p id=\"p-1777502035676-99141\">La v\u00edctima fue identificada como\u00a0<strong>Paula Lastiris<\/strong>, de 47 a\u00f1os, quien hab\u00eda sido trasladada de urgencia al\u00a0<strong>Hospital San Mart\u00edn<\/strong>\u00a0en estado cr\u00edtico. Horas m\u00e1s tarde, se confirm\u00f3 su fallecimiento como consecuencia de la herida de arma de fuego.<\/p>\n\n\n\n<blockquote class=\"twitter-tweet\" data-media-max-width=\"560\"><p lang=\"es\" dir=\"ltr\"><a href=\"https:\/\/twitter.com\/hashtag\/LaPlata?src=hash&amp;ref_src=twsrc%5Etfw\">#LaPlata<\/a><br>Paula Carolina Lastiris (47), la comerciante asesinada de un balazo en el pecho en la tarde de hoy. El tirador, que est\u00e1 detenido, le reclamaba el pago del alquiler de un cotill\u00f3n que funciona en 37 entre 9 y 10. Es el cuarto asesinato en lo que va del a\u00f1o en la Ciudad.\u2026 <a href=\"https:\/\/t.co\/DT8Fa0vu1h\">pic.twitter.com\/DT8Fa0vu1h<\/a><\/p>&mdash; Hechos y Derecho (@Hechosanderecho) <a href=\"https:\/\/twitter.com\/Hechosanderecho\/status\/2049631810775114073?ref_src=twsrc%5Etfw\">April 29, 2026<\/a><\/blockquote> <script async src=\"https:\/\/platform.twitter.com\/widgets.js\" charset=\"utf-8\"><\/script>\n\n\n\n<h2 class=\"wp-block-heading\" id=\"p-1777502055233-6512\">As\u00ed atraparon al presunto asesino de la casa de cotill\u00f3n<\/h2>\n\n\n\n<p id=\"p-1777502035473-4508\">Tras un llamado al 911, se despleg\u00f3 un operativo cerrojo que permiti\u00f3 localizar al acusado pocos minutos despu\u00e9s. Las im\u00e1genes registradas muestran c\u00f3mo&nbsp;el sospechoso fue interceptado por efectivos en 35 entre 7 y 8.<\/p>\n\n\n\n<p id=\"p-1777502104373-39000\">En el procedimiento participaron agentes del Escuadr\u00f3n Motorizado, la UPPL y el SASU. Al momento de la detenci\u00f3n, los polic\u00edas le secuestraron un rev\u00f3lver que ser\u00eda el arma utilizada en el ataque, la cual tambi\u00e9n qued\u00f3 registrada en uno de los videos.<\/p>\n\n\n\n<h2 class=\"wp-block-heading\" id=\"p-1777502193941-64762\">\u00bfQui\u00e9n es el detenido?<\/h2>\n\n\n\n<p id=\"p-1777501909986-93882\">El detenido, de 49 a\u00f1os, permanece alojado en una dependencia policial, imputado en una causa caratulada como \u201chomicidio\u201d. En ese contexto, el esposo de la v\u00edctima,&nbsp;<strong>Walter Romero<\/strong>, fue quien aport\u00f3 un dato relevante a los investigadores: seg\u00fan su testimonio,&nbsp;el acusado ser\u00eda el propietario del local y exist\u00eda un conflicto previo vinculado a una deuda por el alquiler.<\/p>\n\n\n\n<p id=\"p-1777501909986-45034\">Esa hip\u00f3tesis es, por el momento, la principal l\u00ednea de investigaci\u00f3n para esclarecer el m\u00f3vil del crimen que termin\u00f3 en tragedia y mantiene en vilo a los vecinos de la zona.<\/p>\n","protected":false},"excerpt":{"rendered":"<p>El crimen de una mujer en un local de cotill\u00f3n de&nbsp;La Plata&nbsp;gener\u00f3 una fuerte conmoci\u00f3n este mi\u00e9rcoles, mientras la Justicia avanza con la investigaci\u00f3n y comienzan a conocerse detalles clave del caso. En las \u00faltimas horas, adem\u00e1s,&nbsp;se difundi\u00f3 videos que muestran el momento en que la Polic\u00eda detuvo al principal sospechoso. El episodio ocurri\u00f3 durante la tarde en un comercio ubicado en la zona de 37 entre 9 y 10,&hellip;<\/p>\n","protected":false},"author":3,"featured_media":42471,"comment_status":"open","ping_status":"open","sticky":false,"template":"","format":"standard","meta":{"_acf_changed":false,"footnotes":""},"categories":[2],"tags":[],"class_list":["post-42470","post","type-post","status-publish","format-standard","has-post-thumbnail","hentry","category-provincia"],"acf":[],"aioseo_notices":[],"_links":{"self":[{"href":"https:\/\/larealidaddelaplata.com.ar\/index.php\/wp-json\/wp\/v2\/posts\/42470"}],"collection":[{"href":"https:\/\/larealidaddelaplata.com.ar\/index.php\/wp-json\/wp\/v2\/posts"}],"about":[{"href":"https:\/\/larealidaddelaplata.com.ar\/index.php\/wp-json\/wp\/v2\/types\/post"}],"author":[{"embeddable":true,"href":"https:\/\/larealidaddelaplata.com.ar\/index.php\/wp-json\/wp\/v2\/users\/3"}],"replies":[{"embeddable":true,"href":"https:\/\/larealidaddelaplata.com.ar\/index.php\/wp-json\/wp\/v2\/comments?post=42470"}],"version-history":[{"count":1,"href":"https:\/\/larealidaddelaplata.com.ar\/index.php\/wp-json\/wp\/v2\/posts\/42470\/revisions"}],"predecessor-version":[{"id":42472,"href":"https:\/\/larealidaddelaplata.com.ar\/index.php\/wp-json\/wp\/v2\/posts\/42470\/revisions\/42472"}],"wp:featuredmedia":[{"embeddable":true,"href":"https:\/\/larealidaddelaplata.com.ar\/index.php\/wp-json\/wp\/v2\/media\/42471"}],"wp:attachment":[{"href":"https:\/\/larealidaddelaplata.com.ar\/index.php\/wp-json\/wp\/v2\/media?parent=42470"}],"wp:term":[{"taxonomy":"category","embeddable":true,"href":"https:\/\/larealidaddelaplata.com.ar\/index.php\/wp-json\/wp\/v2\/categories?post=42470"},{"taxonomy":"post_tag","embeddable":true,"href":"https:\/\/larealidaddelaplata.com.ar\/index.php\/wp-json\/wp\/v2\/tags?post=42470"}],"curies":[{"name":"wp","href":"https:\/\/api.w.org\/{rel}","templated":true}]}}