{"id":42473,"date":"2026-04-30T17:39:56","date_gmt":"2026-04-30T20:39:56","guid":{"rendered":"https:\/\/larealidaddelaplata.com.ar\/?p=42473"},"modified":"2026-04-30T17:40:01","modified_gmt":"2026-04-30T20:40:01","slug":"quiero-una-revancha-con-estudiantes-el-chelo-torres-y-su-presente-sonado-en-gimnasia","status":"publish","type":"post","link":"https:\/\/larealidaddelaplata.com.ar\/index.php\/2026\/04\/30\/quiero-una-revancha-con-estudiantes-el-chelo-torres-y-su-presente-sonado-en-gimnasia\/","title":{"rendered":"&#8220;Quiero una revancha con Estudiantes&#8221;: el Chelo Torres y su presente so\u00f1ado en Gimnasia"},"content":{"rendered":"\n<p>Marcelo Torres nunca pudo debutar en la Primera del club que lo vio nacer, a pesar de haber deslumbrado en Reserva con 15 goles en apenas 23 partidos. Sin embargo, su talento le vali\u00f3 brillar en la Selecci\u00f3n Sub 20 de 2017, donde fue el m\u00e1ximo artillero del Sudamericano compartiendo plantel con futuros campeones del mundo como Lautaro Mart\u00ednez, Cristian &#8220;Cuti&#8221; Romero y Exequiel Palacios. Al no lograr afianzarse en el medio local tras sus pasos por Talleres y Banfield, el &#8220;Chelo&#8221; decidi\u00f3 armar las valijas y construy\u00f3 una silenciosa pero letal carrera goleadora por Chipre, Letonia y los Emiratos \u00c1rabes Unidos.<\/p>\n\n\n\n<p>Su esperado regreso al f\u00fatbol argentino se concret\u00f3 en junio de 2025 para ponerse la camiseta de Gimnasia y Esgrima La Plata, instituci\u00f3n en la que r\u00e1pidamente se convirti\u00f3 en una pieza inamovible. Sus n\u00fameros hablan por s\u00ed solos: acumula 14 gritos en 36 encuentros disputados en todas las competencias y qued\u00f3 a tan solo tres anotaciones de alcanzar los 100 goles oficiales en su carrera. Para coronar este gran presente individual, la reciente derrota de Hurac\u00e1n ante Argentinos Juniors le asegur\u00f3 al Lobo la clasificaci\u00f3n matem\u00e1tica a los octavos de final del Torneo Apertura.<\/p>\n\n\n\n<p>En un mano a mano \u00edntimo con la prensa, el atacante no ocult\u00f3 su entusiasmo por el rendimiento del plantel y la qu\u00edmica que se gener\u00f3 en el d\u00eda a d\u00eda. &#8220;Se arm\u00f3 un grupo muy lindo, con mucho sacrificio y ganas de mejorar. Es muy parecido al del a\u00f1o anterior, donde a pesar de pelear el descenso nos mantuvimos unidos&#8221;, destac\u00f3 Torres. En esa misma l\u00ednea, redobl\u00f3 la apuesta de cara a la definici\u00f3n del campeonato y la ambici\u00f3n del grupo: &#8220;El a\u00f1o pasado nos qued\u00f3 la espina de estar tan cerca; la verdad que s\u00ed somos candidatos a ganar el torneo&#8221;.<\/p>\n\n\n\n<p>M\u00e1s all\u00e1 del sue\u00f1o de dar la vuelta ol\u00edmpica, el goleador aprovech\u00f3 para dejar un claro mensaje pensando en la etapa decisiva, recordando la dolorosa eliminaci\u00f3n sufrida en la semifinal del \u00faltimo Clausura. &#8220;Ahora que entramos a los playoffs, quiero una revancha contra Estudiantes. En alg\u00fan momento me gustar\u00eda enfrentarlo de nuevo&#8221;, avis\u00f3 el &#8220;Chelo&#8221;, quien concluy\u00f3 valorando su readaptaci\u00f3n al pa\u00eds: &#8220;Siento que estoy en el mejor momento de mi carrera, viviendo un sue\u00f1o en un f\u00fatbol tan dif\u00edcil y competitivo como el argentino&#8221;.<\/p>\n","protected":false},"excerpt":{"rendered":"<p>Marcelo Torres nunca pudo debutar en la Primera del club que lo vio nacer, a pesar de haber deslumbrado en Reserva con 15 goles en apenas 23 partidos. Sin embargo, su talento le vali\u00f3 brillar en la Selecci\u00f3n Sub 20 de 2017, donde fue el m\u00e1ximo artillero del Sudamericano compartiendo plantel con futuros campeones del mundo como Lautaro Mart\u00ednez, Cristian &#8220;Cuti&#8221; Romero y Exequiel Palacios. Al no lograr afianzarse en&hellip;<\/p>\n","protected":false},"author":6,"featured_media":42474,"comment_status":"open","ping_status":"open","sticky":false,"template":"","format":"standard","meta":{"_acf_changed":false,"footnotes":""},"categories":[10,11],"tags":[],"class_list":["post-42473","post","type-post","status-publish","format-standard","has-post-thumbnail","hentry","category-deportes","category-gimnasia"],"acf":[],"aioseo_notices":[],"_links":{"self":[{"href":"https:\/\/larealidaddelaplata.com.ar\/index.php\/wp-json\/wp\/v2\/posts\/42473"}],"collection":[{"href":"https:\/\/larealidaddelaplata.com.ar\/index.php\/wp-json\/wp\/v2\/posts"}],"about":[{"href":"https:\/\/larealidaddelaplata.com.ar\/index.php\/wp-json\/wp\/v2\/types\/post"}],"author":[{"embeddable":true,"href":"https:\/\/larealidaddelaplata.com.ar\/index.php\/wp-json\/wp\/v2\/users\/6"}],"replies":[{"embeddable":true,"href":"https:\/\/larealidaddelaplata.com.ar\/index.php\/wp-json\/wp\/v2\/comments?post=42473"}],"version-history":[{"count":1,"href":"https:\/\/larealidaddelaplata.com.ar\/index.php\/wp-json\/wp\/v2\/posts\/42473\/revisions"}],"predecessor-version":[{"id":42475,"href":"https:\/\/larealidaddelaplata.com.ar\/index.php\/wp-json\/wp\/v2\/posts\/42473\/revisions\/42475"}],"wp:featuredmedia":[{"embeddable":true,"href":"https:\/\/larealidaddelaplata.com.ar\/index.php\/wp-json\/wp\/v2\/media\/42474"}],"wp:attachment":[{"href":"https:\/\/larealidaddelaplata.com.ar\/index.php\/wp-json\/wp\/v2\/media?parent=42473"}],"wp:term":[{"taxonomy":"category","embeddable":true,"href":"https:\/\/larealidaddelaplata.com.ar\/index.php\/wp-json\/wp\/v2\/categories?post=42473"},{"taxonomy":"post_tag","embeddable":true,"href":"https:\/\/larealidaddelaplata.com.ar\/index.php\/wp-json\/wp\/v2\/tags?post=42473"}],"curies":[{"name":"wp","href":"https:\/\/api.w.org\/{rel}","templated":true}]}}