{"id":42476,"date":"2026-04-30T17:41:32","date_gmt":"2026-04-30T20:41:32","guid":{"rendered":"https:\/\/larealidaddelaplata.com.ar\/?p=42476"},"modified":"2026-04-30T17:41:35","modified_gmt":"2026-04-30T20:41:35","slug":"dia-del-trabajador-como-funcionaran-los-servicios-municipales-el-viernes","status":"publish","type":"post","link":"https:\/\/larealidaddelaplata.com.ar\/index.php\/2026\/04\/30\/dia-del-trabajador-como-funcionaran-los-servicios-municipales-el-viernes\/","title":{"rendered":"D\u00eda del Trabajador: c\u00f3mo funcionar\u00e1n los servicios municipales el viernes"},"content":{"rendered":"\n<p><br>En el marco del D\u00eda del Trabajador, la Municipalidad de La Plata detall\u00f3 c\u00f3mo funcionar\u00e1n los servicios municipales el viernes 1\u00b0 de mayo.&nbsp;<\/p>\n\n\n\n<p>Seg\u00fan inform\u00f3 la Comuna, no habr\u00e1 recolecci\u00f3n de residuos, por lo que se solicita a los vecinos no sacar la basura, y el transporte p\u00fablico municipal circular\u00e1 con cronograma de feriados.&nbsp;<\/p>\n\n\n\n<p>Por otro lado, el Estacionamiento Medido no se aplicar\u00e1, aunque el Municipio s\u00ed llevar\u00e1 adelante sus habituales inspecciones, operativos viales y controles de nocturnidad, y el CAM cerrar\u00e1 tanto el viernes como el s\u00e1bado.<\/p>\n\n\n\n<p>Asimismo, los Centros de Atenci\u00f3n Primaria para la Salud (CAPS) tendr\u00e1n a disposici\u00f3n guardias de enfermer\u00eda y el SAME trabajar\u00e1 como lo hace usualmente.<\/p>\n\n\n\n<p>El cementerio municipal, por su parte, contar\u00e1 con una guardia de 8:00 a 12:00 en la administraci\u00f3n y estar\u00e1 abierto al p\u00fablico de 8:00 a 15:00, mientras que el Mercado Bonaerense Fijo La Plata permanecer\u00e1 cerrado.<\/p>\n\n\n\n<p>Finalmente, la Rep\u00fablica de los Ni\u00f1os recibir\u00e1 al p\u00fablico de 7:00 a 22:00 y el Parque Ecol\u00f3gico Municipal lo har\u00e1 de 7:00 a 21:00.<\/p>\n","protected":false},"excerpt":{"rendered":"<p>En el marco del D\u00eda del Trabajador, la Municipalidad de La Plata detall\u00f3 c\u00f3mo funcionar\u00e1n los servicios municipales el viernes 1\u00b0 de mayo.&nbsp; Seg\u00fan inform\u00f3 la Comuna, no habr\u00e1 recolecci\u00f3n de residuos, por lo que se solicita a los vecinos no sacar la basura, y el transporte p\u00fablico municipal circular\u00e1 con cronograma de feriados.&nbsp; Por otro lado, el Estacionamiento Medido no se aplicar\u00e1, aunque el Municipio s\u00ed llevar\u00e1 adelante sus&hellip;<\/p>\n","protected":false},"author":6,"featured_media":6765,"comment_status":"open","ping_status":"open","sticky":false,"template":"","format":"standard","meta":{"_acf_changed":false,"footnotes":""},"categories":[3],"tags":[],"class_list":["post-42476","post","type-post","status-publish","format-standard","has-post-thumbnail","hentry","category-la-plata"],"acf":[],"aioseo_notices":[],"_links":{"self":[{"href":"https:\/\/larealidaddelaplata.com.ar\/index.php\/wp-json\/wp\/v2\/posts\/42476"}],"collection":[{"href":"https:\/\/larealidaddelaplata.com.ar\/index.php\/wp-json\/wp\/v2\/posts"}],"about":[{"href":"https:\/\/larealidaddelaplata.com.ar\/index.php\/wp-json\/wp\/v2\/types\/post"}],"author":[{"embeddable":true,"href":"https:\/\/larealidaddelaplata.com.ar\/index.php\/wp-json\/wp\/v2\/users\/6"}],"replies":[{"embeddable":true,"href":"https:\/\/larealidaddelaplata.com.ar\/index.php\/wp-json\/wp\/v2\/comments?post=42476"}],"version-history":[{"count":1,"href":"https:\/\/larealidaddelaplata.com.ar\/index.php\/wp-json\/wp\/v2\/posts\/42476\/revisions"}],"predecessor-version":[{"id":42477,"href":"https:\/\/larealidaddelaplata.com.ar\/index.php\/wp-json\/wp\/v2\/posts\/42476\/revisions\/42477"}],"wp:featuredmedia":[{"embeddable":true,"href":"https:\/\/larealidaddelaplata.com.ar\/index.php\/wp-json\/wp\/v2\/media\/6765"}],"wp:attachment":[{"href":"https:\/\/larealidaddelaplata.com.ar\/index.php\/wp-json\/wp\/v2\/media?parent=42476"}],"wp:term":[{"taxonomy":"category","embeddable":true,"href":"https:\/\/larealidaddelaplata.com.ar\/index.php\/wp-json\/wp\/v2\/categories?post=42476"},{"taxonomy":"post_tag","embeddable":true,"href":"https:\/\/larealidaddelaplata.com.ar\/index.php\/wp-json\/wp\/v2\/tags?post=42476"}],"curies":[{"name":"wp","href":"https:\/\/api.w.org\/{rel}","templated":true}]}}