{"id":43576,"date":"2026-08-30T18:40:27","date_gmt":"2026-08-30T21:40:27","guid":{"rendered":"https:\/\/larealidaddelaplata.com.ar\/?p=43576"},"modified":"2026-08-30T18:40:31","modified_gmt":"2026-08-30T21:40:31","slug":"los-tipitos-explotaron-el-opera-platense","status":"publish","type":"post","link":"https:\/\/larealidaddelaplata.com.ar\/index.php\/2026\/08\/30\/los-tipitos-explotaron-el-opera-platense\/","title":{"rendered":"Los Tipitos explotaron el \u00d3pera platense"},"content":{"rendered":"\n<p class=\"wp-block-paragraph\">Dos horas de m\u00fasica, recuerdos, canciones nuevas y una conexi\u00f3n permanente con el p\u00fablico. Los Tipitos volvieron a La Plata para presentar \u201cBoludo\u201d, su flamante disco, pero tambi\u00e9n para recorrer una historia que ya lleva m\u00e1s de tres d\u00e9cadas.<\/p>\n\n\n\n<p class=\"wp-block-paragraph\">El Teatro Sala \u00d3pera se convirti\u00f3 en el punto de encuentro entre una banda que atraviesa uno de los momentos m\u00e1s maduros de su carrera y un p\u00fablico dispuesto a cantar cada una de sus canciones. Desde los primeros acordes, Los Tipitos dejaron claro que la noche no iba a quedar reducida a la presentaci\u00f3n de un disco: hab\u00eda mucho por recordar.<\/p>\n\n\n\n<p class=\"wp-block-paragraph\">Formados en Mar del Plata en 1994, W\u00e1lter Piancioli, Ra\u00fal Ruffino, Federico Bugallo y Mart\u00edn Gonz\u00e1lez Puig repasaron buena parte de su trayectoria a lo largo de 22 canciones. En total, fueron cerca de dos horas en las que convivieron cl\u00e1sicos de distintas \u00e9pocas con las nuevas composiciones de \u201cBoludo\u201d, editado en agosto de este a\u00f1o.<\/p>\n\n\n\n<p class=\"wp-block-paragraph\">El nuevo \u00e1lbum, producido art\u00edsticamente por Pablo Guyot y con Tom\u00e1s Vigo como productor asociado, refleja las transformaciones personales de sus integrantes y marca una etapa de madurez para una banda que ya suma 16 discos: 14 de estudio y dos registros en vivo.<\/p>\n\n\n\n<p class=\"wp-block-paragraph\">Pero si hubo algo que caracteriz\u00f3 al show fue la cercan\u00eda. Ra\u00fal Ruffino se encarg\u00f3 de mantener un di\u00e1logo permanente con la gente. Entre canci\u00f3n y canci\u00f3n, regal\u00f3 p\u00faas, intercambi\u00f3 gestos con las primeras filas y convirti\u00f3 al p\u00fablico en un protagonista m\u00e1s de la noche. Tambi\u00e9n fue quien m\u00e1s veces cambi\u00f3 de guitarra durante el recital, como si cada canci\u00f3n necesitara su propia herramienta.<\/p>\n\n\n\n<p class=\"wp-block-paragraph\">W\u00e1lter Piancioli, por su parte, mostr\u00f3 una vez m\u00e1s su versatilidad. Guitarra, piano y teclados fueron altern\u00e1ndose durante el concierto, mientras su humor apareci\u00f3 en distintos momentos. \u201cEstoy para fermear aura, en cualquier momento\u201d, lanz\u00f3 entre risas, en una de las frases que despert\u00f3 complicidad inmediata entre los presentes.<\/p>\n\n\n\n<p class=\"wp-block-paragraph\">Federico Bugallo tambi\u00e9n tuvo su momento particular. Mientras presentaba \u201cBoludo\u201d, el bajista regal\u00f3 un ejemplar del disco al p\u00fablico y explic\u00f3, con una frase tan directa como provocadora, el esp\u00edritu detr\u00e1s del nombre: \u201cBoludo es un poco un reflejo de lo que es hoy Argentina. Est\u00e1 lleno de boludos\u201d.<\/p>\n\n\n\n<p class=\"wp-block-paragraph\">La bater\u00eda estuvo a cargo de Mart\u00edn Gonz\u00e1lez Puig, quien sostuvo con precisi\u00f3n cada uno de los temas y mantuvo un perfil m\u00e1s bajo durante la noche, aunque su presencia fue fundamental para que la maquinaria de Los Tipitos funcionara a la perfecci\u00f3n.<\/p>\n\n\n\n<p class=\"wp-block-paragraph\">El repertorio permiti\u00f3 viajar por diferentes etapas de la banda. \u201cApostar al amor\u201d, \u201cTan real\u201d, \u201cLa ley de la ferocidad\u201d, \u201cComo un drag\u00f3n\u201d, \u201cTransatl\u00e1ntico\u201d, \u201cMil a\u00f1os\u201d, \u201cBrujer\u00eda\u201d y \u201cV\u00edvelo\u201d fueron algunas de las canciones que atravesaron la noche.<\/p>\n\n\n\n<p class=\"wp-block-paragraph\">Tambi\u00e9n hubo lugar para las nuevas composiciones. \u201cIA\u201d, \u201cUna palabra\u201d, \u201cVoy a ser, vas a estar\u201d y \u201cTodo de m\u00ed\u201d fueron algunas de las canciones de \u201cBoludo\u201d que encontraron su lugar entre los cl\u00e1sicos, mostrando que la banda no se conforma con mirar hacia atr\u00e1s.<\/p>\n\n\n\n<p class=\"wp-block-paragraph\">Uno de los momentos m\u00e1s particulares lleg\u00f3 con \u201cSilencio\u201d. En lugar de pedir que los celulares desaparecieran, como suele ocurrir en muchos recitales, Los Tipitos hicieron exactamente lo contrario: invitaron al p\u00fablico a encender las pantallas para iluminar el teatro. De pronto, cientos de peque\u00f1as luces transformaron la sala y acompa\u00f1aron una de las canciones m\u00e1s emotivas de la noche.<\/p>\n\n\n\n<p class=\"wp-block-paragraph\">Despu\u00e9s llegaron \u201cLo peor ya pas\u00f3\u201d, \u201cSe te nota\u201d y \u201cCampanas en la noche\u201d. Parec\u00eda el final, pero todav\u00eda quedaba una.<\/p>\n\n\n\n<p class=\"wp-block-paragraph\">Los Tipitos regresaron al escenario para el encore y cerraron con \u201cEx\u201d, canci\u00f3n incluida en \u201cD\u00edas por venir\u201d, el disco editado en 2022.<\/p>\n\n\n\n<p class=\"wp-block-paragraph\">As\u00ed termin\u00f3 una noche que fue mucho m\u00e1s que la presentaci\u00f3n de un \u00e1lbum. Los Tipitos volvieron a demostrar que, despu\u00e9s de m\u00e1s de 30 a\u00f1os de carrera, todav\u00eda pueden mirar hacia adelante sin dejar de abrazar las canciones que los llevaron hasta ac\u00e1.<\/p>\n\n\n\n<p class=\"wp-block-paragraph\">Y en La Plata, entre guitarras, teclados, p\u00faas volando hacia el p\u00fablico y celulares encendidos, la historia volvi\u00f3 a sonar.<\/p>\n","protected":false},"excerpt":{"rendered":"<p>Dos horas de m\u00fasica, recuerdos, canciones nuevas y una conexi\u00f3n permanente con el p\u00fablico. Los Tipitos volvieron a La Plata para presentar \u201cBoludo\u201d, su flamante disco, pero tambi\u00e9n para recorrer una historia que ya lleva m\u00e1s de tres d\u00e9cadas. El Teatro Sala \u00d3pera se convirti\u00f3 en el punto de encuentro entre una banda que atraviesa uno de los momentos m\u00e1s maduros de su carrera y un p\u00fablico dispuesto a cantar&hellip;<\/p>\n","protected":false},"author":2,"featured_media":43577,"comment_status":"open","ping_status":"open","sticky":false,"template":"","format":"standard","meta":{"_acf_changed":false,"footnotes":""},"categories":[13],"tags":[5713],"class_list":["post-43576","post","type-post","status-publish","format-standard","has-post-thumbnail","hentry","category-sociedad","tag-los-tipitos"],"acf":[],"aioseo_notices":[],"aioseo_head":"\n\t\t<!-- All in One SEO 5.0.1.1 - aioseo.com -->\n\t<meta name=\"description\" content=\"Dos horas de m\u00fasica, recuerdos, canciones nuevas y una conexi\u00f3n permanente con el p\u00fablico. Los Tipitos volvieron a La Plata para presentar \u201cBoludo\u201d, su flamante disco, pero tambi\u00e9n para recorrer una historia que ya lleva m\u00e1s de tres d\u00e9cadas. El Teatro Sala \u00d3pera se convirti\u00f3 en el punto de encuentro entre una banda que atraviesa\" \/>\n\t<meta name=\"robots\" content=\"max-snippet:-1, max-image-preview:large, max-video-preview:-1\" \/>\n\t<meta name=\"author\" content=\"manu\"\/>\n\t<meta name=\"keywords\" content=\"los tipitos\" \/>\n\t<link rel=\"canonical\" href=\"https:\/\/larealidaddelaplata.com.ar\/index.php\/2026\/08\/30\/los-tipitos-explotaron-el-opera-platense\/\" \/>\n\t<meta name=\"generator\" content=\"All in One SEO (AIOSEO) 5.0.1.1\" \/>\n\t\t<script type=\"application\/ld+json\" class=\"aioseo-schema\">\n\t\t\t{\"@context\":\"https:\\\/\\\/schema.org\",\"@graph\":[{\"@type\":\"Article\",\"@id\":\"https:\\\/\\\/larealidaddelaplata.com.ar\\\/index.php\\\/2026\\\/08\\\/30\\\/los-tipitos-explotaron-el-opera-platense\\\/#article\",\"name\":\"Los Tipitos explotaron el \\u00d3pera platense | larealidaddelaplata.com.ar\",\"headline\":\"Los Tipitos explotaron el \\u00d3pera platense\",\"author\":{\"@id\":\"https:\\\/\\\/larealidaddelaplata.com.ar\\\/index.php\\\/author\\\/manu\\\/#author\"},\"publisher\":{\"@id\":\"https:\\\/\\\/larealidaddelaplata.com.ar\\\/#organization\"},\"image\":{\"@type\":\"ImageObject\",\"url\":\"https:\\\/\\\/larealidaddelaplata.com.ar\\\/wp-content\\\/uploads\\\/2026\\\/08\\\/Captura-de-pantalla-2026-08-30-183917.png\",\"width\":1186,\"height\":699},\"datePublished\":\"2026-08-30T18:40:27-03:00\",\"dateModified\":\"2026-08-30T18:40:31-03:00\",\"inLanguage\":\"es-AR\",\"mainEntityOfPage\":{\"@id\":\"https:\\\/\\\/larealidaddelaplata.com.ar\\\/index.php\\\/2026\\\/08\\\/30\\\/los-tipitos-explotaron-el-opera-platense\\\/#webpage\"},\"isPartOf\":{\"@id\":\"https:\\\/\\\/larealidaddelaplata.com.ar\\\/index.php\\\/2026\\\/08\\\/30\\\/los-tipitos-explotaron-el-opera-platense\\\/#webpage\"},\"articleSection\":\"Sociedad, Los Tipitos\"},{\"@type\":\"BreadcrumbList\",\"@id\":\"https:\\\/\\\/larealidaddelaplata.com.ar\\\/index.php\\\/2026\\\/08\\\/30\\\/los-tipitos-explotaron-el-opera-platense\\\/#breadcrumblist\",\"itemListElement\":[{\"@type\":\"ListItem\",\"@id\":\"https:\\\/\\\/larealidaddelaplata.com.ar#listItem\",\"position\":1,\"name\":\"Home\",\"item\":\"https:\\\/\\\/larealidaddelaplata.com.ar\",\"nextItem\":{\"@type\":\"ListItem\",\"@id\":\"https:\\\/\\\/larealidaddelaplata.com.ar\\\/index.php\\\/category\\\/sociedad\\\/#listItem\",\"name\":\"Sociedad\"}},{\"@type\":\"ListItem\",\"@id\":\"https:\\\/\\\/larealidaddelaplata.com.ar\\\/index.php\\\/category\\\/sociedad\\\/#listItem\",\"position\":2,\"name\":\"Sociedad\",\"item\":\"https:\\\/\\\/larealidaddelaplata.com.ar\\\/index.php\\\/category\\\/sociedad\\\/\",\"nextItem\":{\"@type\":\"ListItem\",\"@id\":\"https:\\\/\\\/larealidaddelaplata.com.ar\\\/index.php\\\/2026\\\/08\\\/30\\\/los-tipitos-explotaron-el-opera-platense\\\/#listItem\",\"name\":\"Los Tipitos explotaron el \\u00d3pera platense\"},\"previousItem\":{\"@type\":\"ListItem\",\"@id\":\"https:\\\/\\\/larealidaddelaplata.com.ar#listItem\",\"name\":\"Home\"}},{\"@type\":\"ListItem\",\"@id\":\"https:\\\/\\\/larealidaddelaplata.com.ar\\\/index.php\\\/2026\\\/08\\\/30\\\/los-tipitos-explotaron-el-opera-platense\\\/#listItem\",\"position\":3,\"name\":\"Los Tipitos explotaron el \\u00d3pera platense\",\"previousItem\":{\"@type\":\"ListItem\",\"@id\":\"https:\\\/\\\/larealidaddelaplata.com.ar\\\/index.php\\\/category\\\/sociedad\\\/#listItem\",\"name\":\"Sociedad\"}}]},{\"@type\":\"Organization\",\"@id\":\"https:\\\/\\\/larealidaddelaplata.com.ar\\\/#organization\",\"name\":\"La Realidad de La Plata\",\"description\":\"Tu portal de noticias sobre la realidad la Provincia de Buenos Aires y La Plata\",\"url\":\"https:\\\/\\\/larealidaddelaplata.com.ar\\\/\",\"logo\":{\"@type\":\"ImageObject\",\"url\":\"https:\\\/\\\/larealidaddelaplata.com.ar\\\/wp-content\\\/uploads\\\/2021\\\/01\\\/cropped-Diseno-sin-titulo-1-1.png\",\"@id\":\"https:\\\/\\\/larealidaddelaplata.com.ar\\\/index.php\\\/2026\\\/08\\\/30\\\/los-tipitos-explotaron-el-opera-platense\\\/#organizationLogo\",\"width\":1920,\"height\":355},\"image\":{\"@id\":\"https:\\\/\\\/larealidaddelaplata.com.ar\\\/index.php\\\/2026\\\/08\\\/30\\\/los-tipitos-explotaron-el-opera-platense\\\/#organizationLogo\"}},{\"@type\":\"Person\",\"@id\":\"https:\\\/\\\/larealidaddelaplata.com.ar\\\/index.php\\\/author\\\/manu\\\/#author\",\"url\":\"https:\\\/\\\/larealidaddelaplata.com.ar\\\/index.php\\\/author\\\/manu\\\/\",\"name\":\"manu\",\"image\":{\"@type\":\"ImageObject\",\"@id\":\"https:\\\/\\\/larealidaddelaplata.com.ar\\\/index.php\\\/2026\\\/08\\\/30\\\/los-tipitos-explotaron-el-opera-platense\\\/#authorImage\",\"url\":\"https:\\\/\\\/secure.gravatar.com\\\/avatar\\\/e973351f0e0e215c85a3c16537dfe6d9f21b4048a9417fe3edecc0c3034bbec6?s=96&d=mm&r=g\",\"width\":96,\"height\":96,\"caption\":\"manu\"}},{\"@type\":\"WebPage\",\"@id\":\"https:\\\/\\\/larealidaddelaplata.com.ar\\\/index.php\\\/2026\\\/08\\\/30\\\/los-tipitos-explotaron-el-opera-platense\\\/#webpage\",\"url\":\"https:\\\/\\\/larealidaddelaplata.com.ar\\\/index.php\\\/2026\\\/08\\\/30\\\/los-tipitos-explotaron-el-opera-platense\\\/\",\"name\":\"Los Tipitos explotaron el \\u00d3pera platense | larealidaddelaplata.com.ar\",\"description\":\"Dos horas de m\\u00fasica, recuerdos, canciones nuevas y una conexi\\u00f3n permanente con el p\\u00fablico. Los Tipitos volvieron a La Plata para presentar \\u201cBoludo\\u201d, su flamante disco, pero tambi\\u00e9n para recorrer una historia que ya lleva m\\u00e1s de tres d\\u00e9cadas. El Teatro Sala \\u00d3pera se convirti\\u00f3 en el punto de encuentro entre una banda que atraviesa\",\"inLanguage\":\"es-AR\",\"isPartOf\":{\"@id\":\"https:\\\/\\\/larealidaddelaplata.com.ar\\\/#website\"},\"breadcrumb\":{\"@id\":\"https:\\\/\\\/larealidaddelaplata.com.ar\\\/index.php\\\/2026\\\/08\\\/30\\\/los-tipitos-explotaron-el-opera-platense\\\/#breadcrumblist\"},\"author\":{\"@id\":\"https:\\\/\\\/larealidaddelaplata.com.ar\\\/index.php\\\/author\\\/manu\\\/#author\"},\"creator\":{\"@id\":\"https:\\\/\\\/larealidaddelaplata.com.ar\\\/index.php\\\/author\\\/manu\\\/#author\"},\"image\":{\"@type\":\"ImageObject\",\"url\":\"https:\\\/\\\/larealidaddelaplata.com.ar\\\/wp-content\\\/uploads\\\/2026\\\/08\\\/Captura-de-pantalla-2026-08-30-183917.png\",\"@id\":\"https:\\\/\\\/larealidaddelaplata.com.ar\\\/index.php\\\/2026\\\/08\\\/30\\\/los-tipitos-explotaron-el-opera-platense\\\/#mainImage\",\"width\":1186,\"height\":699},\"primaryImageOfPage\":{\"@id\":\"https:\\\/\\\/larealidaddelaplata.com.ar\\\/index.php\\\/2026\\\/08\\\/30\\\/los-tipitos-explotaron-el-opera-platense\\\/#mainImage\"},\"datePublished\":\"2026-08-30T18:40:27-03:00\",\"dateModified\":\"2026-08-30T18:40:31-03:00\"},{\"@type\":\"WebSite\",\"@id\":\"https:\\\/\\\/larealidaddelaplata.com.ar\\\/#website\",\"url\":\"https:\\\/\\\/larealidaddelaplata.com.ar\\\/\",\"name\":\"La Realidad de La Plata\",\"description\":\"Tu portal de noticias sobre la realidad la Provincia de Buenos Aires y La Plata\",\"inLanguage\":\"es-AR\",\"publisher\":{\"@id\":\"https:\\\/\\\/larealidaddelaplata.com.ar\\\/#organization\"}}]}\n\t\t<\/script>\n\t\t<!-- All in One SEO -->\n\n","aioseo_head_json":{"title":"Los Tipitos explotaron el \u00d3pera platense | larealidaddelaplata.com.ar","description":"Dos horas de m\u00fasica, recuerdos, canciones nuevas y una conexi\u00f3n permanente con el p\u00fablico. Los Tipitos volvieron a La Plata para presentar \u201cBoludo\u201d, su flamante disco, pero tambi\u00e9n para recorrer una historia que ya lleva m\u00e1s de tres d\u00e9cadas. El Teatro Sala \u00d3pera se convirti\u00f3 en el punto de encuentro entre una banda que atraviesa","canonical_url":"https:\/\/larealidaddelaplata.com.ar\/index.php\/2026\/08\/30\/los-tipitos-explotaron-el-opera-platense\/","robots":"max-snippet:-1, max-image-preview:large, max-video-preview:-1","keywords":"los tipitos","webmasterTools":{"miscellaneous":""},"schema":{"@context":"https:\/\/schema.org","@graph":[{"@type":"Article","@id":"https:\/\/larealidaddelaplata.com.ar\/index.php\/2026\/08\/30\/los-tipitos-explotaron-el-opera-platense\/#article","name":"Los Tipitos explotaron el \u00d3pera platense | larealidaddelaplata.com.ar","headline":"Los Tipitos explotaron el \u00d3pera platense","author":{"@id":"https:\/\/larealidaddelaplata.com.ar\/index.php\/author\/manu\/#author"},"publisher":{"@id":"https:\/\/larealidaddelaplata.com.ar\/#organization"},"image":{"@type":"ImageObject","url":"https:\/\/larealidaddelaplata.com.ar\/wp-content\/uploads\/2026\/08\/Captura-de-pantalla-2026-08-30-183917.png","width":1186,"height":699},"datePublished":"2026-08-30T18:40:27-03:00","dateModified":"2026-08-30T18:40:31-03:00","inLanguage":"es-AR","mainEntityOfPage":{"@id":"https:\/\/larealidaddelaplata.com.ar\/index.php\/2026\/08\/30\/los-tipitos-explotaron-el-opera-platense\/#webpage"},"isPartOf":{"@id":"https:\/\/larealidaddelaplata.com.ar\/index.php\/2026\/08\/30\/los-tipitos-explotaron-el-opera-platense\/#webpage"},"articleSection":"Sociedad, Los Tipitos"},{"@type":"BreadcrumbList","@id":"https:\/\/larealidaddelaplata.com.ar\/index.php\/2026\/08\/30\/los-tipitos-explotaron-el-opera-platense\/#breadcrumblist","itemListElement":[{"@type":"ListItem","@id":"https:\/\/larealidaddelaplata.com.ar#listItem","position":1,"name":"Home","item":"https:\/\/larealidaddelaplata.com.ar","nextItem":{"@type":"ListItem","@id":"https:\/\/larealidaddelaplata.com.ar\/index.php\/category\/sociedad\/#listItem","name":"Sociedad"}},{"@type":"ListItem","@id":"https:\/\/larealidaddelaplata.com.ar\/index.php\/category\/sociedad\/#listItem","position":2,"name":"Sociedad","item":"https:\/\/larealidaddelaplata.com.ar\/index.php\/category\/sociedad\/","nextItem":{"@type":"ListItem","@id":"https:\/\/larealidaddelaplata.com.ar\/index.php\/2026\/08\/30\/los-tipitos-explotaron-el-opera-platense\/#listItem","name":"Los Tipitos explotaron el \u00d3pera platense"},"previousItem":{"@type":"ListItem","@id":"https:\/\/larealidaddelaplata.com.ar#listItem","name":"Home"}},{"@type":"ListItem","@id":"https:\/\/larealidaddelaplata.com.ar\/index.php\/2026\/08\/30\/los-tipitos-explotaron-el-opera-platense\/#listItem","position":3,"name":"Los Tipitos explotaron el \u00d3pera platense","previousItem":{"@type":"ListItem","@id":"https:\/\/larealidaddelaplata.com.ar\/index.php\/category\/sociedad\/#listItem","name":"Sociedad"}}]},{"@type":"Organization","@id":"https:\/\/larealidaddelaplata.com.ar\/#organization","name":"La Realidad de La Plata","description":"Tu portal de noticias sobre la realidad la Provincia de Buenos Aires y La Plata","url":"https:\/\/larealidaddelaplata.com.ar\/","logo":{"@type":"ImageObject","url":"https:\/\/larealidaddelaplata.com.ar\/wp-content\/uploads\/2021\/01\/cropped-Diseno-sin-titulo-1-1.png","@id":"https:\/\/larealidaddelaplata.com.ar\/index.php\/2026\/08\/30\/los-tipitos-explotaron-el-opera-platense\/#organizationLogo","width":1920,"height":355},"image":{"@id":"https:\/\/larealidaddelaplata.com.ar\/index.php\/2026\/08\/30\/los-tipitos-explotaron-el-opera-platense\/#organizationLogo"}},{"@type":"Person","@id":"https:\/\/larealidaddelaplata.com.ar\/index.php\/author\/manu\/#author","url":"https:\/\/larealidaddelaplata.com.ar\/index.php\/author\/manu\/","name":"manu","image":{"@type":"ImageObject","@id":"https:\/\/larealidaddelaplata.com.ar\/index.php\/2026\/08\/30\/los-tipitos-explotaron-el-opera-platense\/#authorImage","url":"https:\/\/secure.gravatar.com\/avatar\/e973351f0e0e215c85a3c16537dfe6d9f21b4048a9417fe3edecc0c3034bbec6?s=96&d=mm&r=g","width":96,"height":96,"caption":"manu"}},{"@type":"WebPage","@id":"https:\/\/larealidaddelaplata.com.ar\/index.php\/2026\/08\/30\/los-tipitos-explotaron-el-opera-platense\/#webpage","url":"https:\/\/larealidaddelaplata.com.ar\/index.php\/2026\/08\/30\/los-tipitos-explotaron-el-opera-platense\/","name":"Los Tipitos explotaron el \u00d3pera platense | larealidaddelaplata.com.ar","description":"Dos horas de m\u00fasica, recuerdos, canciones nuevas y una conexi\u00f3n permanente con el p\u00fablico. Los Tipitos volvieron a La Plata para presentar \u201cBoludo\u201d, su flamante disco, pero tambi\u00e9n para recorrer una historia que ya lleva m\u00e1s de tres d\u00e9cadas. El Teatro Sala \u00d3pera se convirti\u00f3 en el punto de encuentro entre una banda que atraviesa","inLanguage":"es-AR","isPartOf":{"@id":"https:\/\/larealidaddelaplata.com.ar\/#website"},"breadcrumb":{"@id":"https:\/\/larealidaddelaplata.com.ar\/index.php\/2026\/08\/30\/los-tipitos-explotaron-el-opera-platense\/#breadcrumblist"},"author":{"@id":"https:\/\/larealidaddelaplata.com.ar\/index.php\/author\/manu\/#author"},"creator":{"@id":"https:\/\/larealidaddelaplata.com.ar\/index.php\/author\/manu\/#author"},"image":{"@type":"ImageObject","url":"https:\/\/larealidaddelaplata.com.ar\/wp-content\/uploads\/2026\/08\/Captura-de-pantalla-2026-08-30-183917.png","@id":"https:\/\/larealidaddelaplata.com.ar\/index.php\/2026\/08\/30\/los-tipitos-explotaron-el-opera-platense\/#mainImage","width":1186,"height":699},"primaryImageOfPage":{"@id":"https:\/\/larealidaddelaplata.com.ar\/index.php\/2026\/08\/30\/los-tipitos-explotaron-el-opera-platense\/#mainImage"},"datePublished":"2026-08-30T18:40:27-03:00","dateModified":"2026-08-30T18:40:31-03:00"},{"@type":"WebSite","@id":"https:\/\/larealidaddelaplata.com.ar\/#website","url":"https:\/\/larealidaddelaplata.com.ar\/","name":"La Realidad de La Plata","description":"Tu portal de noticias sobre la realidad la Provincia de Buenos Aires y La Plata","inLanguage":"es-AR","publisher":{"@id":"https:\/\/larealidaddelaplata.com.ar\/#organization"}}]}},"aioseo_meta_data":{"post_id":"43576","title":null,"description":null,"keywords":null,"keyphrases":{"focus":{"keyphrase":"","score":0,"analysis":{"keyphraseInTitle":{"score":0,"maxScore":9,"error":1}}},"additional":[]},"primary_term":null,"canonical_url":null,"og_title":null,"og_description":null,"og_object_type":"default","og_image_type":"default","og_image_url":null,"og_image_width":null,"og_image_height":null,"og_image_custom_url":null,"og_image_custom_fields":null,"og_video":"","og_custom_url":null,"og_article_section":null,"og_article_tags":null,"twitter_use_og":false,"twitter_card":"default","twitter_image_type":"default","twitter_image_url":null,"twitter_image_custom_url":null,"twitter_image_custom_fields":null,"twitter_title":null,"twitter_description":null,"schema":{"blockGraphs":[],"customGraphs":[],"default":{"data":{"Article":[],"Course":[],"Dataset":[],"FAQPage":[],"Movie":[],"Person":[],"Product":[],"ProductReview":[],"Car":[],"Recipe":[],"Service":[],"SoftwareApplication":[],"WebPage":[]},"graphName":"Article","isEnabled":true},"graphs":[]},"schema_type":"default","schema_type_options":null,"pillar_content":false,"robots_default":true,"robots_noindex":false,"robots_noarchive":false,"robots_nosnippet":false,"robots_nofollow":false,"robots_noimageindex":false,"robots_noodp":false,"robots_notranslate":false,"robots_max_snippet":"-1","robots_max_videopreview":"-1","robots_max_imagepreview":"large","priority":null,"frequency":"default","location":null,"local_seo":null,"breadcrumb_settings":null,"limit_modified_date":false,"ai":{"faqs":[],"keyPoints":[],"schemas":[],"titles":[],"descriptions":[],"socialPosts":{"email":{"subject":"","preview":"","content":""},"linkedin":[],"twitter":[],"facebook":[],"instagram":[]}},"created":"2026-08-30 21:30:07","updated":"2026-08-30 21:40:33","seo_analyzer_scan_date":null,"focus_keyword":null,"additional_keywords":null,"truseo_locale":null},"_links":{"self":[{"href":"https:\/\/larealidaddelaplata.com.ar\/index.php\/wp-json\/wp\/v2\/posts\/43576","targetHints":{"allow":["GET"]}}],"collection":[{"href":"https:\/\/larealidaddelaplata.com.ar\/index.php\/wp-json\/wp\/v2\/posts"}],"about":[{"href":"https:\/\/larealidaddelaplata.com.ar\/index.php\/wp-json\/wp\/v2\/types\/post"}],"author":[{"embeddable":true,"href":"https:\/\/larealidaddelaplata.com.ar\/index.php\/wp-json\/wp\/v2\/users\/2"}],"replies":[{"embeddable":true,"href":"https:\/\/larealidaddelaplata.com.ar\/index.php\/wp-json\/wp\/v2\/comments?post=43576"}],"version-history":[{"count":1,"href":"https:\/\/larealidaddelaplata.com.ar\/index.php\/wp-json\/wp\/v2\/posts\/43576\/revisions"}],"predecessor-version":[{"id":43578,"href":"https:\/\/larealidaddelaplata.com.ar\/index.php\/wp-json\/wp\/v2\/posts\/43576\/revisions\/43578"}],"wp:featuredmedia":[{"embeddable":true,"href":"https:\/\/larealidaddelaplata.com.ar\/index.php\/wp-json\/wp\/v2\/media\/43577"}],"wp:attachment":[{"href":"https:\/\/larealidaddelaplata.com.ar\/index.php\/wp-json\/wp\/v2\/media?parent=43576"}],"wp:term":[{"taxonomy":"category","embeddable":true,"href":"https:\/\/larealidaddelaplata.com.ar\/index.php\/wp-json\/wp\/v2\/categories?post=43576"},{"taxonomy":"post_tag","embeddable":true,"href":"https:\/\/larealidaddelaplata.com.ar\/index.php\/wp-json\/wp\/v2\/tags?post=43576"}],"curies":[{"name":"wp","href":"https:\/\/api.w.org\/{rel}","templated":true}]}}